{"id":10903,"date":"2025-03-04T13:09:16","date_gmt":"2025-03-04T12:09:16","guid":{"rendered":"https:\/\/www.latiendadelapicultor.com\/blog\/?p=10903"},"modified":"2025-03-16T23:32:42","modified_gmt":"2025-03-16T22:32:42","slug":"pollen-production-gestion-et-commercialisation-en-espagne","status":"publish","type":"post","link":"https:\/\/www.latiendadelapicultor.com\/blog\/fr\/pollen-production-gestion-et-commercialisation-en-espagne\/","title":{"rendered":"Pollen : Production, gestion et commercialisation en Espagne"},"content":{"rendered":"\n<div id=\"ez-toc-container\" class=\"ez-toc-v2_0_76 counter-hierarchy ez-toc-counter ez-toc-grey ez-toc-container-direction\">\n<div class=\"ez-toc-title-container\">\n<p class=\"ez-toc-title\" style=\"cursor:inherit\">Tabla de contenidos<\/p>\n<span class=\"ez-toc-title-toggle\"><a href=\"#\" class=\"ez-toc-pull-right ez-toc-btn ez-toc-btn-xs ez-toc-btn-default ez-toc-toggle\" aria-label=\"Toggle Table of Content\"><span class=\"ez-toc-js-icon-con\"><span class=\"\"><span class=\"eztoc-hide\" style=\"display:none;\">Toggle<\/span><span class=\"ez-toc-icon-toggle-span\"><svg style=\"fill: #999;color:#999\" xmlns=\"http:\/\/www.w3.org\/2000\/svg\" class=\"list-377408\" width=\"20px\" height=\"20px\" viewBox=\"0 0 24 24\" fill=\"none\"><path d=\"M6 6H4v2h2V6zm14 0H8v2h12V6zM4 11h2v2H4v-2zm16 0H8v2h12v-2zM4 16h2v2H4v-2zm16 0H8v2h12v-2z\" fill=\"currentColor\"><\/path><\/svg><svg style=\"fill: #999;color:#999\" class=\"arrow-unsorted-368013\" xmlns=\"http:\/\/www.w3.org\/2000\/svg\" width=\"10px\" height=\"10px\" viewBox=\"0 0 24 24\" version=\"1.2\" baseProfile=\"tiny\"><path d=\"M18.2 9.3l-6.2-6.3-6.2 6.3c-.2.2-.3.4-.3.7s.1.5.3.7c.2.2.4.3.7.3h11c.3 0 .5-.1.7-.3.2-.2.3-.5.3-.7s-.1-.5-.3-.7zM5.8 14.7l6.2 6.3 6.2-6.3c.2-.2.3-.5.3-.7s-.1-.5-.3-.7c-.2-.2-.4-.3-.7-.3h-11c-.3 0-.5.1-.7.3-.2.2-.3.5-.3.7s.1.5.3.7z\"\/><\/svg><\/span><\/span><\/span><\/a><\/span><\/div>\n<nav><ul class='ez-toc-list ez-toc-list-level-1 ' ><li class='ez-toc-page-1 ez-toc-heading-level-2'><a class=\"ez-toc-link ez-toc-heading-1\" href=\"https:\/\/www.latiendadelapicultor.com\/blog\/fr\/pollen-production-gestion-et-commercialisation-en-espagne\/#PRODUCTION_DU_POLLEN_DABEILLE\" >PRODUCTION DU POLLEN D&rsquo;ABEILLE<\/a><ul class='ez-toc-list-level-3' ><li class='ez-toc-heading-level-3'><a class=\"ez-toc-link ez-toc-heading-2\" href=\"https:\/\/www.latiendadelapicultor.com\/blog\/fr\/pollen-production-gestion-et-commercialisation-en-espagne\/#Floraisons_du_pollen\" >Floraisons du pollen<\/a><\/li><\/ul><\/li><li class='ez-toc-page-1 ez-toc-heading-level-2'><a class=\"ez-toc-link ez-toc-heading-3\" href=\"https:\/\/www.latiendadelapicultor.com\/blog\/fr\/pollen-production-gestion-et-commercialisation-en-espagne\/#Zone_de_production_de_pollen_en_Espagne\" >Zone de production de pollen en Espagne<\/a><\/li><li class='ez-toc-page-1 ez-toc-heading-level-2'><a class=\"ez-toc-link ez-toc-heading-4\" href=\"https:\/\/www.latiendadelapicultor.com\/blog\/fr\/pollen-production-gestion-et-commercialisation-en-espagne\/#TRAPPES_A_POLLEN\" >TRAPPES \u00c0 POLLEN<\/a><\/li><li class='ez-toc-page-1 ez-toc-heading-level-2'><a class=\"ez-toc-link ez-toc-heading-5\" href=\"https:\/\/www.latiendadelapicultor.com\/blog\/fr\/pollen-production-gestion-et-commercialisation-en-espagne\/#GESTION\" >GESTION<\/a><ul class='ez-toc-list-level-3' ><li class='ez-toc-heading-level-3'><a class=\"ez-toc-link ez-toc-heading-6\" href=\"https:\/\/www.latiendadelapicultor.com\/blog\/fr\/pollen-production-gestion-et-commercialisation-en-espagne\/#Nettoyage_du_pollen\" >Nettoyage du pollen<\/a><\/li><li class='ez-toc-page-1 ez-toc-heading-level-3'><a class=\"ez-toc-link ez-toc-heading-7\" href=\"https:\/\/www.latiendadelapicultor.com\/blog\/fr\/pollen-production-gestion-et-commercialisation-en-espagne\/#STOCKAGE_ET_CONDITIONNEMENT\" >STOCKAGE ET CONDITIONNEMENT<\/a><\/li><li class='ez-toc-page-1 ez-toc-heading-level-3'><a class=\"ez-toc-link ez-toc-heading-8\" href=\"https:\/\/www.latiendadelapicultor.com\/blog\/fr\/pollen-production-gestion-et-commercialisation-en-espagne\/#UTILISATION_DU_PHOSPHATE_DALUMINIUM\" >UTILISATION DU PHOSPHATE D&rsquo;ALUMINIUM<\/a><\/li><\/ul><\/li><li class='ez-toc-page-1 ez-toc-heading-level-2'><a class=\"ez-toc-link ez-toc-heading-9\" href=\"https:\/\/www.latiendadelapicultor.com\/blog\/fr\/pollen-production-gestion-et-commercialisation-en-espagne\/#COMMERCIALISATION\" >COMMERCIALISATION<\/a><\/li><li class='ez-toc-page-1 ez-toc-heading-level-2'><a class=\"ez-toc-link ez-toc-heading-10\" href=\"https:\/\/www.latiendadelapicultor.com\/blog\/fr\/pollen-production-gestion-et-commercialisation-en-espagne\/#ANALYSES_DE_LA_QUALITE_DU_POLLEN\" >ANALYSES DE LA QUALIT\u00c9 DU POLLEN<\/a><\/li><\/ul><\/nav><\/div>\n<h2 class=\"wp-block-heading\"><span class=\"ez-toc-section\" id=\"PRODUCTION_DU_POLLEN_DABEILLE\"><\/span><strong>PRODUCTION DU POLLEN D&rsquo;ABEILLE<\/strong><span class=\"ez-toc-section-end\"><\/span><\/h2>\n\n\n\n<p>L&rsquo;Espagne est le premier pays producteur de pollen de l&rsquo;Union europ\u00e9enne, produisant entre 1 000 et 1 500 tonnes par an, en fonction des conditions m\u00e9t\u00e9orologiques.<\/p>\n\n\n\n<p>Cela fait quelques ann\u00e9es que les ventes et les prix du pollen ont chut\u00e9 de mani\u00e8re significative par rapport aux ann\u00e9es pr\u00e9c\u00e9dentes. Nous pensons qu&rsquo;il est temps d\u2019en savoir davantage sur ce produit, sa collecte et son stockage afin de le d\u00e9fendre au mieux.<\/p>\n\n\n\n<h3 class=\"wp-block-heading\"><span class=\"ez-toc-section\" id=\"Floraisons_du_pollen\"><\/span><strong>Floraisons du pollen<\/strong><span class=\"ez-toc-section-end\"><\/span><\/h3>\n\n\n\n<p>Le pollen espagnol est majoritairement r\u00e9colt\u00e9 sur des floraisons sauvages. Les cistes et les steppes sont parmi les principales fleurs, produisant un pollen doux et fruit\u00e9. On trouve \u00e9galement :<\/p>\n\n\n\n<figure class=\"wp-block-image\"><img decoding=\"async\" src=\"https:\/\/lh7-rt.googleusercontent.com\/docsz\/AD_4nXerer5aHDnj04z97Dv7OwtWjihmjIkn8O3ulXS1VnvVjnGPf8Oc2_PWGnT9MB3YiCY0DbpJ84iB7ZTunSgXzZIqI7vVvFhQrF1EythtUFRIZlJkBavJgjLJ615rJHDlxC0m41V2EQ?key=_6nEnDPIpVsrjRfR7DZCyKGc\" alt=\"-\"><\/figure>\n\n\n\n<p>Les bourraches, qui appartiennent \u00e0 la famille des borraginac\u00e9es. Cependant, des \u00e9tudes r\u00e9centes ont d\u00e9tect\u00e9 la pr\u00e9sence d\u2019alcalo\u00efdes pyrrolizidiniques dans le pollen de cette famille de plantes, ce qui complique son exportation vers l\u2019UE. Certains apiculteurs interrompent la r\u00e9colte lorsque des pelotes noires apparaissent dans les trappes \u00e0 pollen.&nbsp;<\/p>\n\n\n\n<figure class=\"wp-block-image\"><img decoding=\"async\" src=\"https:\/\/lh7-rt.googleusercontent.com\/docsz\/AD_4nXep5nDIXNBgXvZzCLZTVVgkbBaPXZQ7rhVx6n3tZkEyDTS-Kj2ab2QFvlFFwANL64rx5inZu87nwZNiJDDAsyzhc-YMjHPjGRLL_TX___q1woaYDr-uKCHrcCkCK3s5Ze4DWacp?key=_6nEnDPIpVsrjRfR7DZCyKGc\" alt=\"-\"><\/figure>\n\n\n\n<h2 class=\"wp-block-heading\"><span class=\"ez-toc-section\" id=\"Zone_de_production_de_pollen_en_Espagne\"><\/span><strong>Zone de production de pollen en Espagne<\/strong><span class=\"ez-toc-section-end\"><\/span><\/h2>\n\n\n\n<p>La principale zone de production se trouve dans le sud-ouest de l&rsquo;Espagne, o\u00f9 les conditions climatiques favorables permettent cette production. Une floraison pr\u00e9coce favorisant le d\u00e9veloppement des ruches, suivie d&rsquo;une bonne pollin\u00e9e, permettent d\u2019y faire une transhumance. Apr\u00e8s cette grande floraison printani\u00e8re de pollen, les ruches peuvent \u00eatre d\u00e9plac\u00e9es vers d&rsquo;autres floraisons plus tardives ou lointaines, ou \u00eatre laiss\u00e9es sur place pour se reposer et produire des exc\u00e9dents de miel.<\/p>\n\n\n\n<p>Les conditions m\u00e9t\u00e9orologiques influencent fortement la production de pollen. Des printemps froids et pluvieux, ainsi que des printemps tr\u00e8s secs, entra\u00eenent de maigres r\u00e9coltes.<\/p>\n\n\n\n<h2 class=\"wp-block-heading\"><span class=\"ez-toc-section\" id=\"TRAPPES_A_POLLEN\"><\/span><strong>TRAPPES \u00c0 POLLEN<\/strong><span class=\"ez-toc-section-end\"><\/span><\/h2>\n\n\n\n<p>La trappe \u00e0 pollen utilis\u00e9e en Espagne est le r\u00e9sultat de nombreuses contributions apport\u00e9es par les grands producteurs de pollen. Elle est adapt\u00e9e au mod\u00e8le de ruche le plus utilis\u00e9 par les professionnels : la ruche Layens modifi\u00e9e de 10 ou 12 cadres.<\/p>\n\n\n\n<p>Fabriqu\u00e9e en bois ou en plastique, elle se place \u00e0 l&rsquo;avant de la ruche, soit \u00e0 l\u2019entr\u00e9e (sans que le tiroir ne touche le sol), soit \u00e0 une entr\u00e9e suppl\u00e9mentaire \u00e0 mi-hauteur pour \u00e9viter l\u2019humidit\u00e9 et les d\u00e9bris.<\/p>\n\n\n\n<p><strong>Trappes \u00e0 pollen frontales<\/strong><br>Il est crucial d&rsquo;obtenir un pollen propre \u00e0 partir de la trappe, ce qui aidera \u00e0 le conserver et am\u00e9liorera sa qualit\u00e9.<\/p>\n\n\n\n<figure class=\"wp-block-image\"><img decoding=\"async\" src=\"https:\/\/lh7-rt.googleusercontent.com\/docsz\/AD_4nXetLXkLHD4nOtnnjJwCKX_6fk9M-FBVP_9QgfqyrzoxaLBAUQHO-Fv54bMNe7oFYt2ULPaBslhFPaBhHPCpt7mevn9G3GKrZ86mNyBVJlANW199V2n4vjFHZ1O8EbKO7tHFAbig?key=_6nEnDPIpVsrjRfR7DZCyKGc\" alt=\"-\"><\/figure>\n\n\n\n<p>La trappe comporte une grille perfor\u00e9e en plastique, avec des trous de 4,5 mm, qui bloque l&rsquo;entr\u00e9e. Lorsque les abeilles passent \u00e0 travers ces trous, les pelotes de pollen les plus grosses tombent sur une plaque perfor\u00e9e (3 \u00e0 3,5 mm), qui emp\u00eache les abeilles de passer.<\/p>\n\n\n\n<figure class=\"wp-block-image\"><img decoding=\"async\" src=\"https:\/\/lh7-rt.googleusercontent.com\/docsz\/AD_4nXcEElk5VHyOIxMJzjm3z_OcVd1jz6d7917i6Jqr0MFhuqA6hnpnm4tg-q4Hld9Ui1Tm4CF59cE8ZbO7KGy6btt53-j7zdmeTeS1TdgSLgZ3NZteHecDyrmgLhQeHT4RBsekpsy5?key=_6nEnDPIpVsrjRfR7DZCyKGc\" alt=\"-\"><\/figure>\n\n\n\n<p>Les abeilles charg\u00e9es de pollen passent \u00e0 travers la grille et le pollen tombe dans un tiroir frontal, o\u00f9 il est r\u00e9colt\u00e9. Le tiroir est souvent perfor\u00e9 sur le fond et les c\u00f4t\u00e9s pour r\u00e9duire l&rsquo;influence de l&rsquo;humidit\u00e9 et faciliter le nettoyage.<\/p>\n\n\n\n<p>Le pi\u00e8ge est couvert par un toit inclin\u00e9 qui emp\u00eache l&rsquo;eau de p\u00e9n\u00e9trer dans le tiroir en cas de pluie ou de ros\u00e9e.<\/p>\n\n\n\n<p>Derri\u00e8re la grille, dans l\u2019espace ferm\u00e9 entre celle-ci et l\u2019entr\u00e9e, des trous permettent aux faux-bourdons de sortir pour \u00e9viter qu&rsquo;ils ne bloquent la grille. Malgr\u00e9 cette mesure, il est n\u00e9cessaire de nettoyer p\u00e9riodiquement cet espace.<\/p>\n\n\n\n<h2 class=\"wp-block-heading\"><span class=\"ez-toc-section\" id=\"GESTION\"><\/span><strong>GESTION<\/strong><span class=\"ez-toc-section-end\"><\/span><\/h2>\n\n\n\n<p>La r\u00e9colte du pollen n\u00e9cessite une bonne gestion de la ruche, avec une population importante d\u2019ouvri\u00e8res et beaucoup de couvain ouvert pour stimuler l&rsquo;instinct de collecte de pollen. Une reine productive est \u00e9galement essentielle, car le pi\u00e8ge \u00e0 pollen emp\u00eache les jeunes reines de revenir \u00e0 la ruche apr\u00e8s les vols de f\u00e9condation.<\/p>\n\n\n\n<p>Il est important de noter que pendant la r\u00e9colte de pollen, il ne faut pas appliquer de traitements acaricides dans la ruche, car la substance pourrait se d\u00e9poser sur les abeilles et contaminer le pollen.<\/p>\n\n\n\n<p>Le pi\u00e8ge est plac\u00e9 un ou deux jours sans grille, ou avec la grille entrouverte, pour habituer les abeilles \u00e0 passer par celle-ci.<\/p>\n\n\n\n<figure class=\"wp-block-image\"><img decoding=\"async\" src=\"https:\/\/lh7-rt.googleusercontent.com\/docsz\/AD_4nXf3YQfGNmMjVu-lSKMVa8cnv2lDsuD5bkDcLsb-EvIRtKh2ptLezFQPYm6rogUCkZHqfztgAw7dVikHe25rEfHSA-iFqpSyBqy-4hk5TpxHbEpobdBzzOTvPJXX299DlXIaILX5_w?key=_6nEnDPIpVsrjRfR7DZCyKGc\" alt=\"-\"><\/figure>\n\n\n\n<p>Le pollen doit \u00eatre r\u00e9colt\u00e9 quotidiennement pour \u00e9viter qu\u2019il ne se d\u00e9grade \u00e0 cause de l&rsquo;humidit\u00e9 et de la temp\u00e9rature. Par temps sec, et avec un tiroir ventil\u00e9 \u00e0 l&rsquo;abri du soleil, il peut \u00eatre r\u00e9colt\u00e9 tous les deux jours.<\/p>\n\n\n\n<p>Le pollen r\u00e9colt\u00e9 doit \u00eatre stock\u00e9 dans des r\u00e9cipients alimentaires et rapidement transf\u00e9r\u00e9 au cong\u00e9lateur ou \u00e0 l&rsquo;\u00e9tuve pour s\u00e9chage. Plus le pollen reste \u00e0 temp\u00e9rature ambiante, plus il se d\u00e9grade.<\/p>\n\n\n\n<p><strong>Si vous choisissez de congeler le pollen<\/strong>, il doit \u00eatre assez sec et congel\u00e9 rapidement en couches fines.&nbsp;<\/p>\n\n\n\n<p><strong>Si vous d\u00e9cidez de le s\u00e9cher<\/strong>, il doit \u00eatre plac\u00e9 dans des plateaux perfor\u00e9s en couches de 2 cm maximum.<\/p>\n\n\n\n<figure class=\"wp-block-image\"><img decoding=\"async\" src=\"https:\/\/lh7-rt.googleusercontent.com\/docsz\/AD_4nXe1wfBW7Fi4_OTEATbaCRSsJAnXf-nZuwxSJNTkPyO0tY3Bf3E4-uQpZrnENsT07krSpnxEe-Nd1wSAd7XaAtQb-DXY3dp9GF5Chm3c93durStM2qVS0ZuO5Rqs2VL9gdPIK-0kqg?key=_6nEnDPIpVsrjRfR7DZCyKGc\" alt=\"-\"><\/figure>\n\n\n\n<h3 class=\"wp-block-heading\"><span class=\"ez-toc-section\" id=\"Nettoyage_du_pollen\"><\/span><strong>Nettoyage du pollen<\/strong><span class=\"ez-toc-section-end\"><\/span><\/h3>\n\n\n\n<p>Une fois sec, le pollen doit \u00eatre nettoy\u00e9 des impuret\u00e9s comme les pattes et ailes d&rsquo;abeilles, ainsi que des d\u00e9bris v\u00e9g\u00e9taux. Pour cela, on peut faire tomber le pollen dans un flux d&rsquo;air pour \u00e9liminer les impuret\u00e9s l\u00e9g\u00e8res ou utiliser un filtre pour s\u00e9parer les particules ind\u00e9sirables.<\/p>\n\n\n\n<figure class=\"wp-block-image\"><img decoding=\"async\" src=\"https:\/\/lh7-rt.googleusercontent.com\/docsz\/AD_4nXfVu04w0uIAirNrN8cHOMtJuLYxj1rJSopnIiy4dAifBKTVeLtE03qX9E0_1BIRzHsxk3X5DBMlN38yxDdVxfj1cc1suJjTjU6n4O2LfT4fU9rLRImsaSVIbNUEpTMU_vOBg9KT3g?key=_6nEnDPIpVsrjRfR7DZCyKGc\" alt=\"-\"><\/figure>\n\n\n\n<h3 class=\"wp-block-heading\"><span class=\"ez-toc-section\" id=\"STOCKAGE_ET_CONDITIONNEMENT\"><\/span><strong>STOCKAGE ET CONDITIONNEMENT<\/strong><span class=\"ez-toc-section-end\"><\/span><\/h3>\n\n\n\n<p>Le pollen doit \u00eatre stock\u00e9 sec et propre dans des f\u00fbts herm\u00e9tiques pour \u00e9viter les infestations par les mites, les charan\u00e7ons ou les rongeurs. Les petites quantit\u00e9s peuvent \u00eatre conserv\u00e9es dans des seaux alimentaires herm\u00e9tiques.<\/p>\n\n\n\n<p>Le pollen bien sec et prot\u00e9g\u00e9 se conserve bien. Traditionnellement, les feuilles de laurier \u00e9taient utilis\u00e9es pour \u00e9loigner les mites.<\/p>\n\n\n\n<figure class=\"wp-block-image\"><img decoding=\"async\" src=\"https:\/\/lh7-rt.googleusercontent.com\/docsz\/AD_4nXemBUQS3PYUi8_y_aDefmUSeaz59sfzO1KZNGvYPAz3xGweW9gZIu4ZgrbK91N3BBU5CmLp4apAUOfRcxx_opniUrjfVTPQA681PVQNqmFGU2Czki13bdceNbMVdxIv_5OehBThbA?key=_6nEnDPIpVsrjRfR7DZCyKGc\" alt=\"-\"><\/figure>\n\n\n\n<p>Certaines entreprises introduisent du gaz carbonique dans les f\u00fbts pour cr\u00e9er une atmosph\u00e8re inerte. Les grands producteurs font appel \u00e0 des entreprises sp\u00e9cialis\u00e9es dans l&rsquo;usage de biocides pour traiter les zones de stockage.<\/p>\n\n\n\n<h3 class=\"wp-block-heading\"><span class=\"ez-toc-section\" id=\"UTILISATION_DU_PHOSPHATE_DALUMINIUM\"><\/span><strong>UTILISATION DU PHOSPHATE D&rsquo;ALUMINIUM<\/strong><span class=\"ez-toc-section-end\"><\/span><\/h3>\n\n\n\n<p>Pour garantir que le pollen est exempt de parasites, on peut utiliser des tablettes de phosphate d&rsquo;aluminium dans les f\u00fbts. Ces tablettes lib\u00e8rent du gaz phosphine en r\u00e9agissant \u00e0 l&rsquo;humidit\u00e9, \u00e9liminant tous les parasites pr\u00e9sents. Apr\u00e8s le traitement, il est important de bien a\u00e9rer et de nettoyer le pollen pour \u00e9liminer tout r\u00e9sidu.<\/p>\n\n\n\n<h2 class=\"wp-block-heading\"><span class=\"ez-toc-section\" id=\"COMMERCIALISATION\"><\/span><strong>COMMERCIALISATION<\/strong><span class=\"ez-toc-section-end\"><\/span><\/h2>\n\n\n\n<p>Le pollen sec est demand\u00e9 dans le secteur de la di\u00e9t\u00e9tique pour la consommation directe, mais \u00e9galement pour les aliments pour animaux de compagnie et pour les \u00e9leveurs de bourdons utilis\u00e9s dans la pollinisation.<\/p>\n\n\n\n<figure class=\"wp-block-image\"><img decoding=\"async\" src=\"https:\/\/lh7-rt.googleusercontent.com\/docsz\/AD_4nXfn9vLrSIOHmE9KL7OEcgg9E-RWadbQu-aALU-hRvzTuwzhsqN2FyIizV7zQRVhzMjxUri68Ik9Gbu5Cwdz2FkaYLSGNTrXvwa-V7EO8s44ucXYot3fYwjOZgp8powBowSAK4DHGQ?key=_6nEnDPIpVsrjRfR7DZCyKGc\" alt=\"-\"><\/figure>\n\n\n\n<p>Les conteneurs utilis\u00e9s pour le pollen en vrac sont g\u00e9n\u00e9ralement des f\u00fbts m\u00e9talliques de 200 litres, contenant entre 130 et 150 kg de pollen. Pour le consommateur final, le pollen est conditionn\u00e9 dans des pots en verre de 200 et 250g.<\/p>\n\n\n\n<p>La plupart du pollen espagnol est export\u00e9, principalement vers l&rsquo;Asie.<\/p>\n\n\n\n<h2 class=\"wp-block-heading\"><span class=\"ez-toc-section\" id=\"ANALYSES_DE_LA_QUALITE_DU_POLLEN\"><\/span><strong>ANALYSES DE LA QUALIT\u00c9 DU POLLEN<\/strong><span class=\"ez-toc-section-end\"><\/span><\/h2>\n\n\n\n<p>Afin de garantir que le pollen d&rsquo;abeille soit s\u00fbr et de haute qualit\u00e9 pour la consommation humaine, divers tests microbiologiques et chimiques doivent \u00eatre effectu\u00e9s. Voici les principaux aspects \u00e0 consid\u00e9rer :<\/p>\n\n\n\n<p><strong>Analyses microbiologiques<\/strong><strong><br><\/strong>En tant que compl\u00e9ment alimentaire, le pollen doit respecter les r\u00e9glementations microbiologiques \u00e9tablies par le R\u00e8glement (CE) N\u00b0 2073\/2005 concernant les crit\u00e8res microbiologiques applicables aux produits alimentaires. Bien qu&rsquo;il n&rsquo;existe pas de sp\u00e9cifications exclusives pour le pollen, il est essentiel de suivre ces crit\u00e8res g\u00e9n\u00e9raux pour assurer son innocuit\u00e9 :<\/p>\n\n\n\n<ul class=\"wp-block-list\">\n<li><strong>Salmonelle<\/strong> : Elle doit \u00eatre absente dans le pollen. La pr\u00e9sence de Salmonelle indique une contamination grave et peut entra\u00eener des infections alimentaires s\u00e9v\u00e8res.<\/li>\n\n\n\n<li><strong>Escherichia coli (E. coli)<\/strong> : Elle doit \u00e9galement \u00eatre absente. E. coli est un indicateur de contamination f\u00e9cale, et sa pr\u00e9sence peut impliquer des risques pour la sant\u00e9.<\/li>\n\n\n\n<li><strong>Listeria <\/strong>: Bien que ce ne soit pas couramment analys\u00e9 dans le pollen, la r\u00e9glementation fixe une limite de 100 ufc\/g. La pr\u00e9sence de Listeria peut \u00eatre dangereuse, en particulier pour les populations vuln\u00e9rables comme les enfants, les personnes \u00e2g\u00e9es et celles dont le syst\u00e8me immunitaire est affaibli.<\/li>\n<\/ul>\n\n\n\n<p><strong>Analyse des alcalo\u00efdes<\/strong><strong><br><\/strong>Le pollen espagnol peut contenir des alcalo\u00efdes pyrrolizidiniques, en particulier dans les vari\u00e9t\u00e9s r\u00e9colt\u00e9es sur des plantes de la famille des Boraginaceae. Selon le R\u00e8glement (UE) N\u00b0 2020\/2040, la teneur maximale autoris\u00e9e en alcalo\u00efdes pyrrolizidiniques dans le pollen est de 500 \u03bcg\/kg. Ce contr\u00f4le est crucial pour \u00e9viter des probl\u00e8mes de sant\u00e9 chez les consommateurs et garantir l&rsquo;exportation du produit vers l&rsquo;Union europ\u00e9enne.<\/p>\n\n\n\n<p><strong>Analyse de multir\u00e9sidus<\/strong><strong><br><\/strong>Tout comme le miel, le pollen doit \u00eatre soumis \u00e0 des tests afin de d\u00e9tecter la pr\u00e9sence de r\u00e9sidus de pesticides et d&rsquo;autres produits chimiques. Ces analyses garantissent que le pollen est exempt de contaminants pouvant nuire \u00e0 la sant\u00e9 humaine. Les limites maximales de r\u00e9sidus sont r\u00e9gies par des r\u00e9glementations europ\u00e9ennes et doivent \u00eatre rigoureusement contr\u00f4l\u00e9es par les producteurs.<\/p>\n\n\n\n<p><strong>Aflatoxines<\/strong><strong><br><\/strong>Bien que la pr\u00e9sence d&rsquo;aflatoxines dans le pollen ne soit actuellement pas r\u00e9glement\u00e9e, il est probable que des r\u00e9glementations futures fixent des limites pour ces compos\u00e9s. Les aflatoxines sont des toxines produites par certains types de moisissures et peuvent \u00eatre canc\u00e9rig\u00e8nes. Il est prudent de commencer \u00e0 surveiller leur pr\u00e9sence afin d&rsquo;anticiper d&rsquo;\u00e9ventuelles r\u00e9gulations et de garantir la s\u00e9curit\u00e9 du produit.<\/p>\n\n\n\n<p><strong>Analyses Sensorielles<\/strong><strong><br><\/strong>Enfin, le pollen doit r\u00e9pondre \u00e0 certains crit\u00e8res sensoriels pour \u00eatre accept\u00e9 sur les march\u00e9s europ\u00e9ens. Cela inclut des caract\u00e9ristiques telles que le go\u00fbt, l&rsquo;odeur, la couleur et la texture, qui doivent \u00eatre agr\u00e9ables et conformes aux attentes du consommateur. Les analyses sensorielles contribuent \u00e0 garantir que le pollen soit non seulement s\u00fbr, mais \u00e9galement attrayant et de haute qualit\u00e9 pour les clients.<\/p>\n\n\n\n<p><strong>MISE EN \u0152UVRE DES NORMES ET CONTR\u00d4LE DE QUALIT\u00c9<\/strong><strong><br><\/strong>Pour respecter ces crit\u00e8res, il est essentiel que les entreprises \u00e9tablissent leurs propres normes de qualit\u00e9 et effectuent r\u00e9guli\u00e8rement des tests dans des laboratoires accr\u00e9dit\u00e9s. La mise en \u0153uvre d&rsquo;un plan rigoureux de contr\u00f4le de qualit\u00e9 garantira que le pollen produit soit s\u00fbr, conforme aux r\u00e9glementations et maintienne la confiance des consommateurs.<\/p>\n<div id='recomendados_connectif' class='recomendados_connectif'><\/div>","protected":false},"excerpt":{"rendered":"<p>PRODUCTION DU POLLEN D&rsquo;ABEILLE L&rsquo;Espagne est le premier pays producteur de pollen de l&rsquo;Union europ\u00e9enne, produisant entre 1 000 et 1 500 tonnes par an, en fonction des conditions m\u00e9t\u00e9orologiques. Cela fait quelques ann\u00e9es que les ventes et les prix du pollen ont chut\u00e9 de mani\u00e8re significative par rapport aux ann\u00e9es pr\u00e9c\u00e9dentes. Nous pensons qu&rsquo;il [&hellip;]<\/p>\n","protected":false},"author":1,"featured_media":10904,"comment_status":"open","ping_status":"open","sticky":false,"template":"","format":"standard","meta":{"footnotes":""},"categories":[1894,1906],"tags":[],"class_list":["post-10903","post","type-post","status-publish","format-standard","has-post-thumbnail","hentry","category-non-classifiee","category-techniques-apicoles"],"_links":{"self":[{"href":"https:\/\/www.latiendadelapicultor.com\/blog\/fr\/wp-json\/wp\/v2\/posts\/10903","targetHints":{"allow":["GET"]}}],"collection":[{"href":"https:\/\/www.latiendadelapicultor.com\/blog\/fr\/wp-json\/wp\/v2\/posts"}],"about":[{"href":"https:\/\/www.latiendadelapicultor.com\/blog\/fr\/wp-json\/wp\/v2\/types\/post"}],"author":[{"embeddable":true,"href":"https:\/\/www.latiendadelapicultor.com\/blog\/fr\/wp-json\/wp\/v2\/users\/1"}],"replies":[{"embeddable":true,"href":"https:\/\/www.latiendadelapicultor.com\/blog\/fr\/wp-json\/wp\/v2\/comments?post=10903"}],"version-history":[{"count":3,"href":"https:\/\/www.latiendadelapicultor.com\/blog\/fr\/wp-json\/wp\/v2\/posts\/10903\/revisions"}],"predecessor-version":[{"id":11214,"href":"https:\/\/www.latiendadelapicultor.com\/blog\/fr\/wp-json\/wp\/v2\/posts\/10903\/revisions\/11214"}],"wp:featuredmedia":[{"embeddable":true,"href":"https:\/\/www.latiendadelapicultor.com\/blog\/fr\/wp-json\/wp\/v2\/media\/10904"}],"wp:attachment":[{"href":"https:\/\/www.latiendadelapicultor.com\/blog\/fr\/wp-json\/wp\/v2\/media?parent=10903"}],"wp:term":[{"taxonomy":"category","embeddable":true,"href":"https:\/\/www.latiendadelapicultor.com\/blog\/fr\/wp-json\/wp\/v2\/categories?post=10903"},{"taxonomy":"post_tag","embeddable":true,"href":"https:\/\/www.latiendadelapicultor.com\/blog\/fr\/wp-json\/wp\/v2\/tags?post=10903"}],"curies":[{"name":"wp","href":"https:\/\/api.w.org\/{rel}","templated":true}]}}