{"id":10967,"date":"2025-03-05T13:32:55","date_gmt":"2025-03-05T12:32:55","guid":{"rendered":"https:\/\/www.latiendadelapicultor.com\/blog\/?p=10967"},"modified":"2025-03-05T13:32:56","modified_gmt":"2025-03-05T12:32:56","slug":"miel-damandier-gout-arome-couleur-et-toutes-ses-caracteristiques","status":"publish","type":"post","link":"https:\/\/www.latiendadelapicultor.com\/blog\/fr\/miel-damandier-gout-arome-couleur-et-toutes-ses-caracteristiques\/","title":{"rendered":"Miel d&rsquo;Amandier : Go\u00fbt, ar\u00f4me, couleur et toutes ses caract\u00e9ristiques"},"content":{"rendered":"\n<div id=\"ez-toc-container\" class=\"ez-toc-v2_0_76 counter-hierarchy ez-toc-counter ez-toc-grey ez-toc-container-direction\">\n<div class=\"ez-toc-title-container\">\n<p class=\"ez-toc-title\" style=\"cursor:inherit\">Tabla de contenidos<\/p>\n<span class=\"ez-toc-title-toggle\"><a href=\"#\" class=\"ez-toc-pull-right ez-toc-btn ez-toc-btn-xs ez-toc-btn-default ez-toc-toggle\" aria-label=\"Toggle Table of Content\"><span class=\"ez-toc-js-icon-con\"><span class=\"\"><span class=\"eztoc-hide\" style=\"display:none;\">Toggle<\/span><span class=\"ez-toc-icon-toggle-span\"><svg style=\"fill: #999;color:#999\" xmlns=\"http:\/\/www.w3.org\/2000\/svg\" class=\"list-377408\" width=\"20px\" height=\"20px\" viewBox=\"0 0 24 24\" fill=\"none\"><path d=\"M6 6H4v2h2V6zm14 0H8v2h12V6zM4 11h2v2H4v-2zm16 0H8v2h12v-2zM4 16h2v2H4v-2zm16 0H8v2h12v-2z\" fill=\"currentColor\"><\/path><\/svg><svg style=\"fill: #999;color:#999\" class=\"arrow-unsorted-368013\" xmlns=\"http:\/\/www.w3.org\/2000\/svg\" width=\"10px\" height=\"10px\" viewBox=\"0 0 24 24\" version=\"1.2\" baseProfile=\"tiny\"><path d=\"M18.2 9.3l-6.2-6.3-6.2 6.3c-.2.2-.3.4-.3.7s.1.5.3.7c.2.2.4.3.7.3h11c.3 0 .5-.1.7-.3.2-.2.3-.5.3-.7s-.1-.5-.3-.7zM5.8 14.7l6.2 6.3 6.2-6.3c.2-.2.3-.5.3-.7s-.1-.5-.3-.7c-.2-.2-.4-.3-.7-.3h-11c-.3 0-.5.1-.7.3-.2.2-.3.5-.3.7s.1.5.3.7z\"\/><\/svg><\/span><\/span><\/span><\/a><\/span><\/div>\n<nav><ul class='ez-toc-list ez-toc-list-level-1 ' ><li class='ez-toc-page-1 ez-toc-heading-level-3'><a class=\"ez-toc-link ez-toc-heading-1\" href=\"https:\/\/www.latiendadelapicultor.com\/blog\/fr\/miel-damandier-gout-arome-couleur-et-toutes-ses-caracteristiques\/#Une_des_premieres_miellees_de_lannee\" >Une des premi\u00e8res miell\u00e9es de l\u2019ann\u00e9e !<\/a><\/li><li class='ez-toc-page-1 ez-toc-heading-level-3'><a class=\"ez-toc-link ez-toc-heading-2\" href=\"https:\/\/www.latiendadelapicultor.com\/blog\/fr\/miel-damandier-gout-arome-couleur-et-toutes-ses-caracteristiques\/#Zone_de_production_du_miel_damandier\" >Zone de production du miel d\u2019amandier<\/a><\/li><\/ul><\/nav><\/div>\n<h3 class=\"wp-block-heading\"><span class=\"ez-toc-section\" id=\"Une_des_premieres_miellees_de_lannee\"><\/span><strong>Une des premi\u00e8res miell\u00e9es de l\u2019ann\u00e9e !<\/strong><span class=\"ez-toc-section-end\"><\/span><\/h3>\n\n\n\n<p>L\u2019apiculture espagnole est \u00e0 80% transhumante, de nombreux apiculteurs emm\u00e8nent leurs ruches dans une zone avec des amandiers pour stimuler leurs ruches au d\u00e9marrage.<\/p>\n\n\n\n<p>La culture de l\u2019amandier y a toujours \u00e9t\u00e9 pr\u00e9sente, mais depuis une d\u00e9cennie, elle est en expansion et en transformation. Les plantations sont plus grandes, avec des vari\u00e9t\u00e9s \u00e0 floraison tardive et auto-fertiles, bien qu\u2019elles aient encore besoin des abeilles pour am\u00e9liorer leurs rendements.<\/p>\n\n\n\n<p>Tous les ans, on ne produit pas forc\u00e9ment du miel, car normalement, cette floraison est utilis\u00e9e par les ruches pour \u00e9lever le couvain et renouveler la population d\u2019abeilles en vue de la saison. C\u2019est \u00e9galement une p\u00e9riode propice pour former les premiers nuclei.<\/p>\n\n\n\n<p>Si la ruche a pu d\u00e9marrer avec la ravenelle (radis sauvage) (Diplotaxis erucoides), il est probable qu\u2019elle nous laisse, comme en 2017, une r\u00e9colte de miel d\u2019amandier.<\/p>\n\n\n\n<figure class=\"wp-block-image\"><img decoding=\"async\" src=\"https:\/\/lh7-rt.googleusercontent.com\/docsz\/AD_4nXeCYuPNng0trzSq9SAJP3SIOr2TUKRXMxkwIPHkVKohXsXd_nLDwL0Mpe3qeUSAZ4q6Mt8PyO6bImE7VhhOuM6byMvzwHHVjGrFTuUnwE6Mz_6HP6dVQ4ew7jSNf6Rv1j0SZVVS?key=0l8kTFFOoseeFqV7wVIwbg43\" alt=\"-\"><\/figure>\n\n\n\n<h3 class=\"wp-block-heading\"><span class=\"ez-toc-section\" id=\"Zone_de_production_du_miel_damandier\"><\/span><strong>Zone de production du miel d\u2019amandier<\/strong><span class=\"ez-toc-section-end\"><\/span><\/h3>\n\n\n\n<p>Aragon, Bal\u00e9ares, Catalogne, Centre, Levant et Sud de la p\u00e9ninsule.<\/p>\n\n\n\n<p><strong>P\u00e9riode de floraison de l\u2019amandier<\/strong><\/p>\n\n\n\n<p>D\u00e9but du printemps. Lors des ann\u00e9es de pluies ad\u00e9quates et dans des zones sans gel\u00e9es en f\u00e9vrier-mars.<\/p>\n\n\n\n<p><strong>Caract\u00e9ristiques sensorielles<\/strong>&nbsp;<\/p>\n\n\n\n<p>Dans la fiche technique du miel, vous pouvez \u00e9valuer ses caract\u00e9ristiques sensorielles, sa composition physico-chimique et ses pollens principaux :<\/p>\n\n\n\n<p><strong>Ar\u00f4me<\/strong><\/p>\n\n\n\n<p>L\u2019ar\u00f4me principal du miel d\u2019amandier est fruit\u00e9, comme pour toutes les miell\u00e9es de la famille botanique \u00e0 laquelle il appartient, celle des rosac\u00e9es (comme les arbres fruitiers, les ronces\u2026), mais il peut varier selon la vari\u00e9t\u00e9 d\u2019amandier.<\/p>\n\n\n\n<p>Parfois, on peut clairement percevoir un ar\u00f4me d\u2019amande am\u00e8re.<\/p>\n\n\n\n<p><strong>Go\u00fbt<\/strong><\/p>\n\n\n\n<p>Doux, bien qu\u2019il puisse varier, certains miels d\u2019amandier peuvent avoir une touche am\u00e8re.<\/p>\n\n\n\n<p><strong>Texture<\/strong><\/p>\n\n\n\n<p>La cristallisation de ce miel est g\u00e9n\u00e9ralement fine, presque cr\u00e9meuse. Cependant, il y a des ann\u00e9es et des lieux o\u00f9 sa floraison est accompagn\u00e9e de la ravenelle, ce qui modifie totalement le miel, le faisant cristalliser de mani\u00e8re plus grossi\u00e8re et le rendant plus instable.<\/p>\n\n\n\n<p><strong>Couleur&nbsp;<\/strong><\/p>\n\n\n\n<p>Ambre tr\u00e8s clair, blanch\u00e2tre.<\/p>\n\n\n\n<figure class=\"wp-block-image\"><img decoding=\"async\" src=\"https:\/\/lh7-rt.googleusercontent.com\/docsz\/AD_4nXe10elMx_utOps4V3Yrw38m4IzmaExXGOQmqBxPAn4ChwI7aae0ljFYsiBmKWD_ngOTttUTph2CM3_ZX1T8FV5ShqNrDtov8H-wN2yFi9JM4oKwXf8yhFAdoSNwR6qtYMcAy9sf0g?key=0l8kTFFOoseeFqV7wVIwbg43\" alt=\"-\"><\/figure>\n\n\n\n<p><strong>Composition<\/strong><\/p>\n\n\n\n<p>Le miel d\u2019amandier doit contenir un minimum de 35% de la vari\u00e9t\u00e9 <em>Prunus dulcis<\/em>.<\/p>\n\n\n\n<figure class=\"wp-block-table\"><table class=\"has-fixed-layout\"><tbody><tr><td><strong>Param\u00e8tres<\/strong><\/td><td><strong>Limites et unit\u00e9s<\/strong><\/td><\/tr><tr><td>Couleur (max)<\/td><td>30 mm Pfund<\/td><\/tr><tr><td>Humidit\u00e9 (max)<\/td><td>18%<\/td><\/tr><tr><td>Fructose \/ Glucose (min)<\/td><td>60%<\/td><\/tr><tr><td>Saccharose (max)<\/td><td>5%<\/td><\/tr><tr><td>Conductivit\u00e9 (max)<\/td><td>0,25 ms\/cm<\/td><\/tr><tr><td>Acide libre (max)<\/td><td>50 ms\/kg<\/td><\/tr><tr><td>HMF<\/td><td>40 ms\/kg = ppm<\/td><\/tr><tr><td>Activit\u00e9 de diastase (min)<\/td><td>8 ud. Schade<\/td><\/tr><\/tbody><\/table><\/figure>\n\n\n\n<p>Voici la fiche de la 3\u00e8me \u00e9dition de notre guide des miels monofloraux ib\u00e9riques, par Pajuelo Consultores Ap\u00edcolas et le Laboratoires Apinevada. Sa version imprim\u00e9e du guide des miels est disponible sur latiendadelapicultor.com.<\/p>\n\n\n\n<figure class=\"wp-block-image\"><img decoding=\"async\" src=\"https:\/\/lh7-rt.googleusercontent.com\/docsz\/AD_4nXfXf4STqbD2MT0z1ogx_6GOkdq_kN0lhTf-g7EmEXmwvkbKmv9fas9bbUD0FWDbP5H25J_SYbmjt0E08cwVjWHYXSMyX_wJAelKdH_1XTTRGi2OJlNzLWrAW_vuBzGp4fYCNVWQ?key=0l8kTFFOoseeFqV7wVIwbg43\" alt=\"-\"><\/figure>\n<div id='recomendados_connectif' class='recomendados_connectif'><\/div>","protected":false},"excerpt":{"rendered":"<p>Une des premi\u00e8res miell\u00e9es de l\u2019ann\u00e9e ! L\u2019apiculture espagnole est \u00e0 80% transhumante, de nombreux apiculteurs emm\u00e8nent leurs ruches dans une zone avec des amandiers pour stimuler leurs ruches au d\u00e9marrage. La culture de l\u2019amandier y a toujours \u00e9t\u00e9 pr\u00e9sente, mais depuis une d\u00e9cennie, elle est en expansion et en transformation. Les plantations sont plus [&hellip;]<\/p>\n","protected":false},"author":1,"featured_media":10970,"comment_status":"open","ping_status":"open","sticky":false,"template":"","format":"standard","meta":{"footnotes":""},"categories":[1910,1894],"tags":[],"class_list":["post-10967","post","type-post","status-publish","format-standard","has-post-thumbnail","hentry","category-a-propos-du-miel","category-non-classifiee"],"_links":{"self":[{"href":"https:\/\/www.latiendadelapicultor.com\/blog\/fr\/wp-json\/wp\/v2\/posts\/10967","targetHints":{"allow":["GET"]}}],"collection":[{"href":"https:\/\/www.latiendadelapicultor.com\/blog\/fr\/wp-json\/wp\/v2\/posts"}],"about":[{"href":"https:\/\/www.latiendadelapicultor.com\/blog\/fr\/wp-json\/wp\/v2\/types\/post"}],"author":[{"embeddable":true,"href":"https:\/\/www.latiendadelapicultor.com\/blog\/fr\/wp-json\/wp\/v2\/users\/1"}],"replies":[{"embeddable":true,"href":"https:\/\/www.latiendadelapicultor.com\/blog\/fr\/wp-json\/wp\/v2\/comments?post=10967"}],"version-history":[{"count":2,"href":"https:\/\/www.latiendadelapicultor.com\/blog\/fr\/wp-json\/wp\/v2\/posts\/10967\/revisions"}],"predecessor-version":[{"id":10972,"href":"https:\/\/www.latiendadelapicultor.com\/blog\/fr\/wp-json\/wp\/v2\/posts\/10967\/revisions\/10972"}],"wp:featuredmedia":[{"embeddable":true,"href":"https:\/\/www.latiendadelapicultor.com\/blog\/fr\/wp-json\/wp\/v2\/media\/10970"}],"wp:attachment":[{"href":"https:\/\/www.latiendadelapicultor.com\/blog\/fr\/wp-json\/wp\/v2\/media?parent=10967"}],"wp:term":[{"taxonomy":"category","embeddable":true,"href":"https:\/\/www.latiendadelapicultor.com\/blog\/fr\/wp-json\/wp\/v2\/categories?post=10967"},{"taxonomy":"post_tag","embeddable":true,"href":"https:\/\/www.latiendadelapicultor.com\/blog\/fr\/wp-json\/wp\/v2\/tags?post=10967"}],"curies":[{"name":"wp","href":"https:\/\/api.w.org\/{rel}","templated":true}]}}