{"id":11034,"date":"2025-03-10T09:22:06","date_gmt":"2025-03-10T08:22:06","guid":{"rendered":"https:\/\/www.latiendadelapicultor.com\/blog\/?p=11034"},"modified":"2025-03-10T09:22:07","modified_gmt":"2025-03-10T08:22:07","slug":"les-principales-floraisons-pour-la-recolte-de-miel-de-printemps","status":"publish","type":"post","link":"https:\/\/www.latiendadelapicultor.com\/blog\/fr\/les-principales-floraisons-pour-la-recolte-de-miel-de-printemps\/","title":{"rendered":"Les principales floraisons pour la r\u00e9colte de miel de printemps"},"content":{"rendered":"\n<p>Le printemps est la saison de la floraison maximale et donc de la croissance des populations d\u2019abeilles via leur instinct de reproduction et d\u2019accumulation des r\u00e9serves.<\/p>\n\n\n\n<p>Bien que cette saison s&rsquo;\u00e9tende officiellement du 21 mai au 21 juin, selon les r\u00e9gions, elle peut commencer plus t\u00f4t, d\u00e8s f\u00e9vrier sur la c\u00f4te m\u00e9diterran\u00e9enne, ou \u00eatre retard\u00e9e jusqu&rsquo;en juin dans les zones montagneuses. Cette particularit\u00e9 de nos climats est la base de la transhumance des ruches, permettant de passer d\u2019un printemps \u00e0 l\u2019autre et d\u2019augmenter les possibilit\u00e9s de r\u00e9colte.<\/p>\n\n\n\n<p>En g\u00e9n\u00e9ral, les floraisons de printemps sont mixtes, constitu\u00e9es de plantes herbac\u00e9es (annuelles) et de buissons, diff\u00e9rents selon chaque r\u00e9gion. Certains apiculteurs les d\u00e9finissent comme des floraisons \u00ab de sol \u00bb ou \u00ab d\u2019herbes \u00bb.<\/p>\n\n\n\n<p>La majorit\u00e9 des apports \u00e0 cette \u00e9poque proviennent de la famille des L\u00e9gumineuses. De la famille des Lamiac\u00e9es, le romarin que nous avons d\u00e9j\u00e0 mentionn\u00e9 dans le post sur les floraisons du printemps pr\u00e9coce, les lavandes papillon et les thyms sont importants \u00e0 cette \u00e9poque. Il peut \u00e9galement y avoir des apports significatifs de la famille des Borraginac\u00e9es, avec plusieurs esp\u00e8ces de vip\u00e9rines (Echium sp.). Et, \u00e0 une moindre \u00e9chelle, des Ast\u00e9rac\u00e9es (chicor\u00e9es, Cichoryum sp., laiterons, Sonchus sp.) et des Campanulac\u00e9es (campanules, Campanula sp.). Par ailleurs, dans certaines r\u00e9gions espagnoles, la culture des agrumes (Citrus sp.) est tr\u00e8s importante \u00e0 cette p\u00e9riode.<\/p>\n\n\n\n<div id=\"ez-toc-container\" class=\"ez-toc-v2_0_76 counter-hierarchy ez-toc-counter ez-toc-grey ez-toc-container-direction\">\n<div class=\"ez-toc-title-container\">\n<p class=\"ez-toc-title\" style=\"cursor:inherit\">Tabla de contenidos<\/p>\n<span class=\"ez-toc-title-toggle\"><a href=\"#\" class=\"ez-toc-pull-right ez-toc-btn ez-toc-btn-xs ez-toc-btn-default ez-toc-toggle\" aria-label=\"Toggle Table of Content\"><span class=\"ez-toc-js-icon-con\"><span class=\"\"><span class=\"eztoc-hide\" style=\"display:none;\">Toggle<\/span><span class=\"ez-toc-icon-toggle-span\"><svg style=\"fill: #999;color:#999\" xmlns=\"http:\/\/www.w3.org\/2000\/svg\" class=\"list-377408\" width=\"20px\" height=\"20px\" viewBox=\"0 0 24 24\" fill=\"none\"><path d=\"M6 6H4v2h2V6zm14 0H8v2h12V6zM4 11h2v2H4v-2zm16 0H8v2h12v-2zM4 16h2v2H4v-2zm16 0H8v2h12v-2z\" fill=\"currentColor\"><\/path><\/svg><svg style=\"fill: #999;color:#999\" class=\"arrow-unsorted-368013\" xmlns=\"http:\/\/www.w3.org\/2000\/svg\" width=\"10px\" height=\"10px\" viewBox=\"0 0 24 24\" version=\"1.2\" baseProfile=\"tiny\"><path d=\"M18.2 9.3l-6.2-6.3-6.2 6.3c-.2.2-.3.4-.3.7s.1.5.3.7c.2.2.4.3.7.3h11c.3 0 .5-.1.7-.3.2-.2.3-.5.3-.7s-.1-.5-.3-.7zM5.8 14.7l6.2 6.3 6.2-6.3c.2-.2.3-.5.3-.7s-.1-.5-.3-.7c-.2-.2-.4-.3-.7-.3h-11c-.3 0-.5.1-.7.3-.2.2-.3.5-.3.7s.1.5.3.7z\"\/><\/svg><\/span><\/span><\/span><\/a><\/span><\/div>\n<nav><ul class='ez-toc-list ez-toc-list-level-1 ' ><li class='ez-toc-page-1 ez-toc-heading-level-2'><a class=\"ez-toc-link ez-toc-heading-1\" href=\"https:\/\/www.latiendadelapicultor.com\/blog\/fr\/les-principales-floraisons-pour-la-recolte-de-miel-de-printemps\/#Legumineuses_Fabacees\" >L\u00e9gumineuses, Fabac\u00e9es<\/a><\/li><li class='ez-toc-page-1 ez-toc-heading-level-2'><a class=\"ez-toc-link ez-toc-heading-2\" href=\"https:\/\/www.latiendadelapicultor.com\/blog\/fr\/les-principales-floraisons-pour-la-recolte-de-miel-de-printemps\/#Les_agrumes\" >Les agrumes<\/a><\/li><li class='ez-toc-page-1 ez-toc-heading-level-2'><a class=\"ez-toc-link ez-toc-heading-3\" href=\"https:\/\/www.latiendadelapicultor.com\/blog\/fr\/les-principales-floraisons-pour-la-recolte-de-miel-de-printemps\/#Argamula_Echiums_viperine\" >Argamula, \u00c9chiums, vip\u00e9rine<\/a><\/li><li class='ez-toc-page-1 ez-toc-heading-level-2'><a class=\"ez-toc-link ez-toc-heading-4\" href=\"https:\/\/www.latiendadelapicultor.com\/blog\/fr\/les-principales-floraisons-pour-la-recolte-de-miel-de-printemps\/#Les_thyms\" >Les thyms<\/a><\/li><li class='ez-toc-page-1 ez-toc-heading-level-2'><a class=\"ez-toc-link ez-toc-heading-5\" href=\"https:\/\/www.latiendadelapicultor.com\/blog\/fr\/les-principales-floraisons-pour-la-recolte-de-miel-de-printemps\/#La_Lavande_papillon\" >La Lavande papillon<\/a><\/li><\/ul><\/nav><\/div>\n<h2 class=\"wp-block-heading\"><span class=\"ez-toc-section\" id=\"Legumineuses_Fabacees\"><\/span><strong>L\u00e9gumineuses, Fabac\u00e9es<\/strong><span class=\"ez-toc-section-end\"><\/span><\/h2>\n\n\n\n<p>Une grande partie des floraisons de printemps, &#8211; qu&rsquo;elles soient de plantes herbac\u00e9es (annuelles) ou d&rsquo;arbustes (vivaces), &#8211; appartient \u00e0 la famille des L\u00e9gumineuses (en raison de leurs fruits en gousses), aujourd&rsquo;hui appel\u00e9es Fabac\u00e9es (leur genre repr\u00e9sentatif \u00e9tant les f\u00e8ves, Vicia faba).<\/p>\n\n\n\n<p>Parmi les plantes herbac\u00e9es importantes pour l\u2019apiculture dans cette famille, on trouve le lotier (Lotus corniculatus, et d&rsquo;autres esp\u00e8ces de ce genre Lotus), et les dorycniums (Dorycnium sp.). Dans les prairies plus humides, les vesces (Vicia sp.), les luzernes sauvages (Medicago sp.), les cultures irrigu\u00e9es lorsque la fauche est retard\u00e9e, les tr\u00e8fles (Trifolium sp.) et dans les zones plus \u00e9lev\u00e9es, les m\u00e9lilots (Melilotus sp.) se distinguent. Dans les sols pauvres, le sainfoin (Onobrychis sp.), dont certaines esp\u00e8ces sont herbac\u00e9es et d&rsquo;autres arbustives (ligneuses, vivaces), se d\u00e9marquent \u00e9galement.<\/p>\n\n\n\n<figure class=\"wp-block-image\"><img decoding=\"async\" src=\"https:\/\/lh7-rt.googleusercontent.com\/docsz\/AD_4nXcCNzGbwwMkVOB1UYNGVHRRrm-P-Wl4_9GgVt0Rx55WAz-7GwlEPZGmsA6bilm4MeFXIzn560vJam5nm8LtY5Rk5s-HN4ZBZwte3l1HPErk-IN84-ZAk3D9XLKW741OgsAshpM2kQ?key=hvYPq6mET7t18tDK5WLOAJYS\" alt=\"-\"><\/figure>\n\n\n\n<p><em>Fig. 1. Carte de distribution du lotier, Lotus corniculatus.<\/em><\/p>\n\n\n\n<figure class=\"wp-block-image\"><img decoding=\"async\" src=\"https:\/\/lh7-rt.googleusercontent.com\/docsz\/AD_4nXcQW8p9Y_UCeOyfF_jw4-y9gv37KlCKZ5S5H-cD3xB6acMEhStbtlzHUkGPZaa7Tg0DFlYXjHB4MQW4yyeCP0ur0i9U7iyOC9jIWc-IHGKlFQP1v016rVEBwL_rv2xDKqbgX-0_jg?key=hvYPq6mET7t18tDK5WLOAJYS\" alt=\"-\"><\/figure>\n\n\n\n<p>En plus du sainfoin, d&rsquo;autres arbustes de cette famille sont \u00e9galement importants pour l\u2019apiculture, tels que les anthyllis (Anthyllis sp.), ainsi que certains gen\u00eats mellif\u00e8re et gen\u00e9vriers (Retama sphaerocarpa), fleurissant tardivement en \u00e9t\u00e9.<\/p>\n\n\n\n<figure class=\"wp-block-image\"><img decoding=\"async\" src=\"https:\/\/lh7-rt.googleusercontent.com\/docsz\/AD_4nXePlMGdefU5EVak-uJfFuWTG7PnIEp554EN0rEv7O1twUEl7kq7HAcho722ErS0peLllLSUe7ohshD0RiBxtpsL4Ufge5zKUtSiT_PuzlwtnbqQqpQujAYt2zwZ7XgsxCvF22H8Eg?key=hvYPq6mET7t18tDK5WLOAJYS\" alt=\"-\"><\/figure>\n\n\n\n<p>Comme pour l&rsquo;amandier et le romarin, l&rsquo;intensit\u00e9 de la floraison future peut \u00eatre \u00e9valu\u00e9e en observant l&rsquo;abondance des bourgeons floraux, bomb\u00e9s, lorsque la plante commence son cycle de croissance.<\/p>\n\n\n\n<p><em><\/em><em>Photo 7. Bourgeons floraux de gen\u00eat, Lygos sphaerocarpa.&nbsp;<\/em><\/p>\n\n\n\n<p>En g\u00e9n\u00e9ral, les plantes de cette famille sont de bonnes productrices de nectar et de pollen, produisant parfois du miel monofloral.<\/p>\n\n\n\n<p>Certains arbres de cette famille sont \u00e9galement int\u00e9ressants pour l\u2019apiculture, comme le robinier faux-acacia (Robinia pseudoacacia), qui produit le pr\u00e9cieux miel d\u2019acacia. Dans les zones au climat m\u00e9diterran\u00e9en, le caroubier (Ceratonia siliqua) est pr\u00e9sent, mais il fleurit en automne, favorisant l\u2019hivernage des ruches, et peut produire un miel fonc\u00e9 et fort si les pr\u00e9cipitations sont suffisantes.<\/p>\n\n\n\n<p>Les miels provenant de cette famille de plantes sont clairs (sauf ceux de gen\u00eat et de caroubier), avec un ar\u00f4me peu intense rappelant la farine, et une saveur douce sans autres composants. Si leur teneur en pollen le justifie, ils peuvent \u00eatre d\u00e9finis comme des \u00ab\u00a0miels de prairie\u00a0\u00bb, un nom plus appropri\u00e9 que celui g\u00e9n\u00e9rique de \u00ab\u00a0mille fleurs\u00a0\u00bb et qui \u00e9voque mieux le paysage d\u2019o\u00f9 ils proviennent.<\/p>\n\n\n\n<p>Sur le littoral m\u00e9diterran\u00e9en, on peut produire un miel de certaines de ces l\u00e9gumineuses, ainsi que de romarin et de thym, qui se d\u00e9finit bien comme un miel de \u00ab garrigue \u00bb, nom de ce type de v\u00e9g\u00e9tation.<\/p>\n\n\n\n<h2 class=\"wp-block-heading\"><span class=\"ez-toc-section\" id=\"Les_agrumes\"><\/span><strong>Les agrumes<\/strong><span class=\"ez-toc-section-end\"><\/span><\/h2>\n\n\n\n<p>Les agrumes (Citrus sp.), originaires d&rsquo;Asie, appartiennent quant \u00e0 eux \u00e0 la famille des Rutac\u00e9es, dont on trouve quelques plantes sauvages en Espagne, comme les Ruta sp. Ils sont cultiv\u00e9s en Espagne presque exclusivement sur la c\u00f4te m\u00e9diterran\u00e9enne, de Tarragone \u00e0 Huelva, et dans la vall\u00e9e du Guadalquivir. Principalement, on trouve des citronniers \u00e0 Murcie, des orangers en Andalousie et \u00e0 Valence, et des mandariniers \u00e0 Castell\u00f3n et au sud de Tarragone.<\/p>\n\n\n\n<figure class=\"wp-block-image\"><img decoding=\"async\" src=\"https:\/\/lh7-rt.googleusercontent.com\/docsz\/AD_4nXdkSeGCXxzO3NWkHPGXTFO69OUbzJfnyNg5bvuiMWV5vk3ft8WC9Uzm8gGnrpED4kZdCi2CDPsHIUkkTwKGYmduVeiUVJqFqPs859bYzRnehNZOnWdOZQVL-YjpQ3dGkdS5xxPG?key=hvYPq6mET7t18tDK5WLOAJYS\" alt=\"-\"><\/figure>\n\n\n\n<p><em>Fig. 2. Carte des cultures d&rsquo;agrumes en Espagne.<\/em><\/p>\n\n\n\n<p>La fleur d&rsquo;oranger produit des miels tr\u00e8s appr\u00e9ci\u00e9s, clairs, avec un ar\u00f4me floral et citronn\u00e9 marqu\u00e9 (antranilate de m\u00e9thyle) et une saveur douce avec un composant acide important. Ils contiennent peu de pollen, en particulier lorsqu&rsquo;ils sont r\u00e9colt\u00e9s dans des hausses, de sorte qu&rsquo;un facteur de d\u00e9finition commerciale est la teneur en antranilate de m\u00e9thyl. Chaque acheteur fixant une limite g\u00e9n\u00e9ralement sup\u00e9rieure \u00e0 1,0 mg\/kg.<\/p>\n\n\n\n<p>Les miels d&rsquo;oranger sont les plus aromatiques et acides. Ceux de citronnier sont plus clairs et plus doux, avec une plus grande teneur en pollen, g\u00e9n\u00e9ralement au-dessus de 20%. Ceux de mandarinier d\u00e9passent souvent 15%. Mais ceux d&rsquo;oranger en contiennent moins, parfois 5% voire moins ; c&rsquo;est pourquoi on recourt au contenu en antranilate de m\u00e9thyle pour les certifier. Les plus pauvres sont ceux des vari\u00e9t\u00e9s Navel, s\u00e9lectionn\u00e9es pour leur st\u00e9rilit\u00e9 pollinique afin qu&rsquo;elles ne produisent pas de graines.<\/p>\n\n\n\n<p>Les mandariniers ne produisent pas de graines non plus, bien qu&rsquo;ils produisent du pollen, car ils sont auto-st\u00e9riles et n\u00e9cessitent le pollen d&rsquo;une autre vari\u00e9t\u00e9 pour f\u00e9conder leurs ovules ; si les plantations sont bien faites, sans cultures voisines de vari\u00e9t\u00e9s pollinisatrices, il n&rsquo;y aura pas de graines.<\/p>\n\n\n\n<p><img fetchpriority=\"high\" decoding=\"async\" src=\"https:\/\/lh7-rt.googleusercontent.com\/docsz\/AD_4nXeM1c8hthDHAVslOvmA5FWcNA1IEcyXO42EMc8_a6PtxfpkqdimJ1IDVswwXxq4PYXSkUlZu5OxTc2FihoQxIpZS9vPckzTV2mZyeA5bgX9Xwo_BIi_ef37Kuq6mp1cQRhBAdcwOw?key=hvYPq6mET7t18tDK5WLOAJYS\" width=\"602\" height=\"440\" alt=\"-\"><em>Photo 8. Fleur d&rsquo;oranger, Citrus sp.<\/em><\/p>\n\n\n\n<h2 class=\"wp-block-heading\"><span class=\"ez-toc-section\" id=\"Argamula_Echiums_viperine\"><\/span><strong>Argamula, \u00c9chiums, vip\u00e9rine<\/strong><span class=\"ez-toc-section-end\"><\/span><\/h2>\n\n\n\n<p>Plusieurs esp\u00e8ces du genre Echium, principalement Echium plantagineum et Echium vulgare, de la famille des Borraginac\u00e9es, sont connues sous ce nom et sont tr\u00e8s attractives pour les abeilles, tant pour leur nectar que pour leur pollen.<\/p>\n\n\n\n<figure class=\"wp-block-image\"><img decoding=\"async\" src=\"https:\/\/lh7-rt.googleusercontent.com\/docsz\/AD_4nXcuhX8npe4bdhk8eiJkGlDLtqBud7R3FRihzU0BtaBG3PBKwL3RyoFK31w1zTwn-qiNiI8g-LT2QoXJ30KSaGMakinHSuE4N4bWRT9FsisupP1XlrdIi_O4gQBYnFdZx_7xhdKaLg?key=hvYPq6mET7t18tDK5WLOAJYS\" alt=\"-\"><\/figure>\n\n\n\n<p><em>Fig. 3. Carte de distribution de l\u2019\u00e9chium Echium plantagineum.<\/em><\/p>\n\n\n\n<p>Ce sont des plantes annuelles ou bisannuelles, avec des feuilles couvertes de poils rigides, les feuilles basales en rosette, et des fleurs bleu violac\u00e9 form\u00e9es de 5 p\u00e9tales soud\u00e9s, avec des \u00e9tamines et un pistil bifide saillants. Elles d\u00e9pendent fortement des pluies printani\u00e8res, et les bisannuelles prolif\u00e8rent \u00e9norm\u00e9ment lorsqu&rsquo;il y a deux printemps cons\u00e9cutifs avec de bonnes pluies.<\/p>\n\n\n\n<p>Leur miel est de couleur claire, avec un ar\u00f4me l\u00e9ger et une douceur sans autres composants, laissant parfois une sensation grasse en bouche. Elles produisent \u00e9galement beaucoup de pollen, de couleur noire caract\u00e9ristique, peu appr\u00e9ci\u00e9 sur le march\u00e9 d\u2019Europe centrale en raison de sa teneur en alcalo\u00efdes pyrrolizidiniques, bien qu\u2019il ne pr\u00e9sente aucun danger pour les consommateurs.<\/p>\n\n\n\n<p>Elle accompagne les floraisons de fleurs d\u2019oranger en Andalousie et de lavande papillon (Lavandula stoechas) dans le centre et le sud-ouest de la p\u00e9ninsule. En raison de sa haute production de pollen, un miel peut \u00eatre consid\u00e9r\u00e9 comme monofloral d\u2019Echium si au moins 70 % de son pollen provient de cette plante.<\/p>\n\n\n\n<figure class=\"wp-block-image\"><img decoding=\"async\" src=\"https:\/\/lh7-rt.googleusercontent.com\/docsz\/AD_4nXceniKxnNUJKgkCqQfeUPvBkNOq0KzTe9a7U1ITEYP3FAlTt_Z8oiuHReQF8XeelYL0kGRO62LOIaG61SDHd4gNT2MTAoaJUOk6yvVARqJ2hqctMjQvi6-uJncuhw2nrIFana_Lzw?key=hvYPq6mET7t18tDK5WLOAJYS\" alt=\"-\"><\/figure>\n\n\n\n<p><em>Photo 9. Argamula, \u00e9chium, vip\u00e9rine, Echium sp.<\/em><\/p>\n\n\n\n<h2 class=\"wp-block-heading\"><span class=\"ez-toc-section\" id=\"Les_thyms\"><\/span><strong>Les thyms<\/strong><span class=\"ez-toc-section-end\"><\/span><\/h2>\n\n\n\n<p>On appelle ainsi les plantes de toute esp\u00e8ce du genre Thymus, une trentaine d\u2019esp\u00e8ces (notamment dans la p\u00e9ninsule espagnole, et certaines d&rsquo;autres genres proches, bien que les plus fr\u00e9quentes soient au nombre d&rsquo;une demi-douzaine).<\/p>\n\n\n\n<p>Ce sont de petits arbustes, avec de jeunes tiges carr\u00e9es, g\u00e9n\u00e9ralement poilues et tr\u00e8s aromatiques, utilis\u00e9es comme condiment et \u00e0 des fins m\u00e9dicinales, comme beaucoup d&rsquo;autres plantes de la m\u00eame famille, les Lamiac\u00e9es (anciennement appel\u00e9es Labi\u00e9es), avec des fleurs \u00e0 5 p\u00e9tales soud\u00e9s en deux l\u00e8vres, une sup\u00e9rieure et une inf\u00e9rieure. Comme le romarin, et pour la m\u00eame raison de minimiser les pertes d&rsquo;eau par \u00e9vaporation, leurs feuilles sont petites et le bord est enroul\u00e9 vers l&rsquo;int\u00e9rieur.<\/p>\n\n\n\n<figure class=\"wp-block-image\"><img decoding=\"async\" src=\"https:\/\/lh7-rt.googleusercontent.com\/docsz\/AD_4nXdQ1zxVU2rc4GYwSobDg6Aukaej8ZNl72TwA2UV3OguzXZ9qWdJzjH4di51TRXlxnHthQIdE5K3sNYbn9sm2TwcWGfAYOxSBtZxG-csrAE49Kzj6il3lEALIGNVw6S8V0rnzxzMLg?key=hvYPq6mET7t18tDK5WLOAJYS\" alt=\"-\"><\/figure>\n\n\n\n<p><em>Fig. 4. Carte de distribution du thym commun, Thymus vulgaris.<\/em><\/p>\n\n\n\n<figure class=\"wp-block-image\"><img decoding=\"async\" src=\"https:\/\/lh7-rt.googleusercontent.com\/docsz\/AD_4nXeRXO87xE0QjBb8B2-lFC6LA9ZhI2gpWiyrHMQhharMrcQE8AGiZIO6oSgKmKpbw1d4IAKyOeRiBUPIqWUTcxFWylhPTgpzMzMXlLKDQIjI3C5VcONWhiRVFe3VzXuHn8zE65oelQ?key=hvYPq6mET7t18tDK5WLOAJYS\" alt=\"-\"><\/figure>\n\n\n\n<p><em>Photo 10. Thym commun, pr\u00e9f\u00e8re les sols calcaires, Thymus vulgaris.<\/em><\/p>\n\n\n\n<figure class=\"wp-block-image\"><img decoding=\"async\" src=\"https:\/\/lh7-rt.googleusercontent.com\/docsz\/AD_4nXd6_XxD59NS5BGXApo8yoWwc4IxbiJDMk81LjsYKD0xwVGwKLLepoSSZ_gZkwyJ2CP3wPIdntAGaCNPLG437mwsdVgEi2JzMOz_jhLXHF3MAHDJTzCmsO73Ch6iI7EaCxWAtqzqGQ?key=hvYPq6mET7t18tDK5WLOAJYS\" alt=\"-\"><\/figure>\n\n\n\n<p><em>Fig. 5. Carte de distribution de la marjolaine, Thymus mastichina.<\/em><\/p>\n\n\n\n<figure class=\"wp-block-image\"><img decoding=\"async\" src=\"https:\/\/lh7-rt.googleusercontent.com\/docsz\/AD_4nXdHRhAL5cDSSHhMQP4TnnuVL3mO5THs2_9pDzX2KmxgCqnP1loPwbvkZYKJxAYo3RTyTx9o5gIfTqIv_08C2QIZ4WVdB4bK5HEE8Ql2CUVKkdtkSIQOxHM0xjM5GNzVuw3i-ekO-Q?key=hvYPq6mET7t18tDK5WLOAJYS\" alt=\"-\"><\/figure>\n\n\n\n<p><em>Photo 11. Marjolaine, thym blanc, thym \u00e0 t\u00eates, thym salsa, pr\u00e9f\u00e8re les sols siliceux, Thymus mastichina.<\/em><\/p>\n\n\n\n<p>Son miel est de couleur ambre clair \u00e0 ambre, selon les plantes accompagnantes et la quantit\u00e9 de pollen qu&rsquo;elles lui apportent. Son go\u00fbt est nettement acide, avec un fort ar\u00f4me ph\u00e9nolique (qui rappelle certains d\u00e9sinfectants comme le Zotal et autres). On l\u2019accepte comme miel monofloral lorsque environ 12 % de son pollen provient de ces plantes.<\/p>\n\n\n\n<p>Parfois, en Espagne, les ruches sortent du romarin sans avoir rempli les hausses, et les terminent dans le thym, qui est souvent la floraison suivante sur certaines routes de transhumance. Dans ce cas, on r\u00e9colte g\u00e9n\u00e9ralement un miel extraordinaire, mais avec des pourcentages de romarin et de thym inf\u00e9rieurs \u00e0 12 % chacun, bien que cumul\u00e9s, ils d\u00e9passent ce seuil. Ces miels peuvent \u00eatre d\u00e9fendus comme \u00e9tant d&rsquo;origine florale mixte de Lamiac\u00e9es.<\/p>\n\n\n\n<p>Il est tr\u00e8s fr\u00e9quent que le thym soit accompagn\u00e9 de sainfoin. Et dans certaines r\u00e9gions, d&rsquo;autres Lamiac\u00e9es tr\u00e8s attractives pour les abeilles, comme la sarriette (Sideritis sp.). D&rsquo;autres plantes de la m\u00eame famille \u00e9galement tr\u00e8s attractives sont les sauges (Salvia sp.).<\/p>\n\n\n\n<h2 class=\"wp-block-heading\"><span class=\"ez-toc-section\" id=\"La_Lavande_papillon\"><\/span><strong>La Lavande papillon<\/strong><span class=\"ez-toc-section-end\"><\/span><\/h2>\n\n\n\n<p>La lavande papillon est une autre plante de la famille des Lamiac\u00e9es, Lavandula stoechas. Bien qu&rsquo;elle appartienne au genre des lavandes, pr\u00e9sente des diff\u00e9rences notables.<\/p>\n\n\n\n<figure class=\"wp-block-image\"><img decoding=\"async\" src=\"https:\/\/lh7-rt.googleusercontent.com\/docsz\/AD_4nXeXc78XV4EO5Kx_92t5iLf9KjAxi77tHvWK5z9jPIHB8qVzb-K1X9HWXd4QZO9MKe_KtmoCoiPZkzsHWqI_WrbJzgzXaX2Kqv8D5jjccv5TMUClqdvHn1Qog9LZ8_9ogsLKx9wYTg?key=hvYPq6mET7t18tDK5WLOAJYS\" alt=\"-\"><\/figure>\n\n\n\n<p><em>Fig. 6. Carte de distribution de la lavande papillon, Lavandula stoechas.<\/em><\/p>\n\n\n\n<p>C&rsquo;est un petit buisson ligneux, tout comme les autres plantes de cette famille que nous avons d\u00e9j\u00e0 mentionn\u00e9es, \u00e0 port bas, avec des feuilles aromatiques, aux bords enroul\u00e9s vers l&rsquo;int\u00e9rieur pour minimiser les pertes d\u2019eau ; les jeunes tiges sont carr\u00e9es et poilues. Ses fleurs sont regroup\u00e9es en une t\u00eate situ\u00e9e sur un long p\u00e9doncule, plus ou moins long selon la vari\u00e9t\u00e9 de lavande papillon.<\/p>\n\n\n\n<figure class=\"wp-block-image\"><img decoding=\"async\" src=\"https:\/\/lh7-rt.googleusercontent.com\/docsz\/AD_4nXdPvT6MylZwijlP5cEOGon8MnmEDuHgTQ7QyBrPSzlnLR-r1n_HC5n63pa7QdxNpdiMrLZn3K_58yBLmHhVdVLyvFIjmK0eXZmyexzrdRi1qOUzwyh57N9CQzbh1J5xlOjxaSCq?key=hvYPq6mET7t18tDK5WLOAJYS\" alt=\"-\"><\/figure>\n\n\n\n<p><em>Photo 12. Lavande papillon, Lavandula stoechas<\/em>.<\/p>\n\n\n\n<p>Lorsque les pluies printani\u00e8res sont ad\u00e9quates, elle peut donner une bonne r\u00e9colte de miel, de couleur claire, avec un ar\u00f4me floral doux, principalement sucr\u00e9, parfois avec de l\u00e9g\u00e8res notes acides. On consid\u00e8re que son miel est monofloral lorsque environ 12 % de son pollen provient de cette plante.<\/p>\n\n\n\n<p>En France, les miels de lavande sont tr\u00e8s appr\u00e9ci\u00e9s, ainsi que ceux de leurs hybrides st\u00e9riles de pollen, les lavandins. Les producteurs de ces miels exercent une pression pour que les miels de lavande papillon, connus l\u00e0-bas sous le nom de \u00ab\u00a0lavande maritime\u00a0\u00bb, ne soient pas inclus dans ce groupe.<\/p>\n\n\n\n<p><\/p>\n<div id='recomendados_connectif' class='recomendados_connectif'><\/div>","protected":false},"excerpt":{"rendered":"<p>Le printemps est la saison de la floraison maximale et donc de la croissance des populations d\u2019abeilles via leur instinct de reproduction et d\u2019accumulation des r\u00e9serves. Bien que cette saison s&rsquo;\u00e9tende officiellement du 21 mai au 21 juin, selon les r\u00e9gions, elle peut commencer plus t\u00f4t, d\u00e8s f\u00e9vrier sur la c\u00f4te m\u00e9diterran\u00e9enne, ou \u00eatre retard\u00e9e [&hellip;]<\/p>\n","protected":false},"author":1,"featured_media":11035,"comment_status":"open","ping_status":"open","sticky":false,"template":"","format":"standard","meta":{"footnotes":""},"categories":[1903],"tags":[],"class_list":["post-11034","post","type-post","status-publish","format-standard","has-post-thumbnail","hentry","category-plantes-melliferes"],"_links":{"self":[{"href":"https:\/\/www.latiendadelapicultor.com\/blog\/fr\/wp-json\/wp\/v2\/posts\/11034","targetHints":{"allow":["GET"]}}],"collection":[{"href":"https:\/\/www.latiendadelapicultor.com\/blog\/fr\/wp-json\/wp\/v2\/posts"}],"about":[{"href":"https:\/\/www.latiendadelapicultor.com\/blog\/fr\/wp-json\/wp\/v2\/types\/post"}],"author":[{"embeddable":true,"href":"https:\/\/www.latiendadelapicultor.com\/blog\/fr\/wp-json\/wp\/v2\/users\/1"}],"replies":[{"embeddable":true,"href":"https:\/\/www.latiendadelapicultor.com\/blog\/fr\/wp-json\/wp\/v2\/comments?post=11034"}],"version-history":[{"count":2,"href":"https:\/\/www.latiendadelapicultor.com\/blog\/fr\/wp-json\/wp\/v2\/posts\/11034\/revisions"}],"predecessor-version":[{"id":11038,"href":"https:\/\/www.latiendadelapicultor.com\/blog\/fr\/wp-json\/wp\/v2\/posts\/11034\/revisions\/11038"}],"wp:featuredmedia":[{"embeddable":true,"href":"https:\/\/www.latiendadelapicultor.com\/blog\/fr\/wp-json\/wp\/v2\/media\/11035"}],"wp:attachment":[{"href":"https:\/\/www.latiendadelapicultor.com\/blog\/fr\/wp-json\/wp\/v2\/media?parent=11034"}],"wp:term":[{"taxonomy":"category","embeddable":true,"href":"https:\/\/www.latiendadelapicultor.com\/blog\/fr\/wp-json\/wp\/v2\/categories?post=11034"},{"taxonomy":"post_tag","embeddable":true,"href":"https:\/\/www.latiendadelapicultor.com\/blog\/fr\/wp-json\/wp\/v2\/tags?post=11034"}],"curies":[{"name":"wp","href":"https:\/\/api.w.org\/{rel}","templated":true}]}}