{"id":11131,"date":"2025-03-10T12:56:43","date_gmt":"2025-03-10T11:56:43","guid":{"rendered":"https:\/\/www.latiendadelapicultor.com\/blog\/?p=11131"},"modified":"2025-03-10T12:56:44","modified_gmt":"2025-03-10T11:56:44","slug":"surveillance-des-ruches-comment-quand-et-quels-parametres-controler","status":"publish","type":"post","link":"https:\/\/www.latiendadelapicultor.com\/blog\/fr\/surveillance-des-ruches-comment-quand-et-quels-parametres-controler\/","title":{"rendered":"Surveillance des ruches : comment, quand et quels param\u00e8tres contr\u00f4ler ?"},"content":{"rendered":"\n<p>La situation actuelle du secteur apicole et le changement climatique marqu\u00e9 obligent l&rsquo;apiculteur \u00e0 modifier ses habitudes de gestion et \u00e0 surveiller plus fr\u00e9quemment ses ruchers.<\/p>\n\n\n\n<div id=\"ez-toc-container\" class=\"ez-toc-v2_0_76 counter-hierarchy ez-toc-counter ez-toc-grey ez-toc-container-direction\">\n<div class=\"ez-toc-title-container\">\n<p class=\"ez-toc-title\" style=\"cursor:inherit\">Tabla de contenidos<\/p>\n<span class=\"ez-toc-title-toggle\"><a href=\"#\" class=\"ez-toc-pull-right ez-toc-btn ez-toc-btn-xs ez-toc-btn-default ez-toc-toggle\" aria-label=\"Toggle Table of Content\"><span class=\"ez-toc-js-icon-con\"><span class=\"\"><span class=\"eztoc-hide\" style=\"display:none;\">Toggle<\/span><span class=\"ez-toc-icon-toggle-span\"><svg style=\"fill: #999;color:#999\" xmlns=\"http:\/\/www.w3.org\/2000\/svg\" class=\"list-377408\" width=\"20px\" height=\"20px\" viewBox=\"0 0 24 24\" fill=\"none\"><path d=\"M6 6H4v2h2V6zm14 0H8v2h12V6zM4 11h2v2H4v-2zm16 0H8v2h12v-2zM4 16h2v2H4v-2zm16 0H8v2h12v-2z\" fill=\"currentColor\"><\/path><\/svg><svg style=\"fill: #999;color:#999\" class=\"arrow-unsorted-368013\" xmlns=\"http:\/\/www.w3.org\/2000\/svg\" width=\"10px\" height=\"10px\" viewBox=\"0 0 24 24\" version=\"1.2\" baseProfile=\"tiny\"><path d=\"M18.2 9.3l-6.2-6.3-6.2 6.3c-.2.2-.3.4-.3.7s.1.5.3.7c.2.2.4.3.7.3h11c.3 0 .5-.1.7-.3.2-.2.3-.5.3-.7s-.1-.5-.3-.7zM5.8 14.7l6.2 6.3 6.2-6.3c.2-.2.3-.5.3-.7s-.1-.5-.3-.7c-.2-.2-.4-.3-.7-.3h-11c-.3 0-.5.1-.7.3-.2.2-.3.5-.3.7s.1.5.3.7z\"\/><\/svg><\/span><\/span><\/span><\/a><\/span><\/div>\n<nav><ul class='ez-toc-list ez-toc-list-level-1 ' ><li class='ez-toc-page-1 ez-toc-heading-level-2'><a class=\"ez-toc-link ez-toc-heading-1\" href=\"https:\/\/www.latiendadelapicultor.com\/blog\/fr\/surveillance-des-ruches-comment-quand-et-quels-parametres-controler\/#Quels_parametres_sont_surveilles\" >Quels param\u00e8tres sont surveill\u00e9s ?<\/a><\/li><li class='ez-toc-page-1 ez-toc-heading-level-2'><a class=\"ez-toc-link ez-toc-heading-2\" href=\"https:\/\/www.latiendadelapicultor.com\/blog\/fr\/surveillance-des-ruches-comment-quand-et-quels-parametres-controler\/#Pourquoi_est-il_important_de_surveiller_a_distance_nos_ruchers\" >Pourquoi est-il important de surveiller \u00e0 distance nos ruchers ?<\/a><\/li><li class='ez-toc-page-1 ez-toc-heading-level-2'><a class=\"ez-toc-link ez-toc-heading-3\" href=\"https:\/\/www.latiendadelapicultor.com\/blog\/fr\/surveillance-des-ruches-comment-quand-et-quels-parametres-controler\/#Avec_quoi_puis-je_surveiller_les_ruches\" >Avec quoi puis-je surveiller les ruches ?<\/a><\/li><li class='ez-toc-page-1 ez-toc-heading-level-2'><a class=\"ez-toc-link ez-toc-heading-4\" href=\"https:\/\/www.latiendadelapicultor.com\/blog\/fr\/surveillance-des-ruches-comment-quand-et-quels-parametres-controler\/#Comment_surveiller_et_interpreter_les_donnees_a_chaque_moment_de_lannee\" >Comment surveiller et interpr\u00e9ter les donn\u00e9es \u00e0 chaque moment de l\u2019ann\u00e9e ?<\/a><\/li><\/ul><\/nav><\/div>\n<h2 class=\"wp-block-heading\"><span class=\"ez-toc-section\" id=\"Quels_parametres_sont_surveilles\"><\/span><strong>Quels param\u00e8tres sont surveill\u00e9s ?<\/strong><span class=\"ez-toc-section-end\"><\/span><\/h2>\n\n\n\n<p>La temp\u00e9rature, l&rsquo;humidit\u00e9 et le poids sont trois facteurs d\u00e9terminants pour le d\u00e9veloppement et la survie des colonies d&rsquo;abeilles.<\/p>\n\n\n\n<p>La mesure continue de ces param\u00e8tres \u00e0 l&rsquo;int\u00e9rieur des ruches peut fournir des informations utiles sur :<\/p>\n\n\n\n<ul class=\"wp-block-list\">\n<li>Le moment optimal pour appliquer le traitement contre le varroa dans la ruche, selon les variations des cadres de couvain.<\/li>\n\n\n\n<li>Le moment id\u00e9al pour r\u00e9colter le miel.<\/li>\n\n\n\n<li>La n\u00e9cessit\u00e9 de nourrir les ruches en cas de manque de nectar.<\/li>\n\n\n\n<li>La pr\u00e9vention de l\u2019essaimage.<\/li>\n\n\n\n<li>Une intoxication par des pesticides.<\/li>\n\n\n\n<li>Une augmentation du risque de pathog\u00e8nes en raison d\u2019une hausse de l\u2019humidit\u00e9 \u00e0 l\u2019int\u00e9rieur de la ruche.<\/li>\n<\/ul>\n\n\n\n<p>Mais, d\u00e9taillons chaque param\u00e8tre mesur\u00e9 et les informations qu\u2019ils peuvent fournir :<\/p>\n\n\n\n<p><strong>POIDS<\/strong><\/p>\n\n\n\n<p>Le capteur de POIDS plac\u00e9 sous la ruche nous informe sur divers param\u00e8tres :<\/p>\n\n\n\n<ul class=\"wp-block-list\">\n<li>Flux de nectar<\/li>\n\n\n\n<li>Productivit\u00e9<\/li>\n\n\n\n<li>D\u00e9tection d&rsquo;un essaimage<\/li>\n\n\n\n<li>\u00c9volution de la ruche<\/li>\n\n\n\n<li>Consommation des r\u00e9serves (quand nourrir)<\/li>\n\n\n\n<li>Estimation du nombre d&rsquo;abeilles entrant et sortant<\/li>\n\n\n\n<li>Mort de la colonie<\/li>\n<\/ul>\n\n\n\n<p><strong>SON<\/strong><\/p>\n\n\n\n<p>Le capteur de SON plac\u00e9 \u00e0 l\u2019int\u00e9rieur de la ruche nous renseigne sur :<\/p>\n\n\n\n<ul class=\"wp-block-list\">\n<li>Pr\u00e9sence ou absence de la reine : Reine 350-500Hz ; Reine vierge 300-350Hz (Qandour et al. 2008)<\/li>\n\n\n\n<li>Identification des diff\u00e9rentes esp\u00e8ces d\u2019Apis mellifera<\/li>\n\n\n\n<li>Mort<\/li>\n\n\n\n<li>Pr\u00e9-essaimage : Variation de 150-500Hz (Ferrari et al. 2008) ou augmentation de 110 Hz (Zacepins et al. 2015)<\/li>\n\n\n\n<li>\u00c9tat sanitaire de la ruche durant l\u2019hiver : 200-250 Hz Ouvri\u00e8res ; 300-350 Hz Ouvri\u00e8res sous stress (Qandour et al. 2008)<\/li>\n<\/ul>\n\n\n\n<p>Il est vrai qu\u2019il existe peu de solutions sur le march\u00e9 pour la mesure du son dans les ruches. D\u2019apr\u00e8s nos essais, ce capteur se contamine facilement et produisait une fr\u00e9quence continue de 400Hz, nous n\u2019avons obtenu aucune information jusqu\u2019\u00e0 pr\u00e9sent.<\/p>\n\n\n\n<p><strong>TEMP\u00c9RATURE<\/strong><\/p>\n\n\n\n<p>Le capteur de TEMP\u00c9RATURE plac\u00e9 \u00e0 l\u2019int\u00e9rieur de la ruche nous renseigne sur :<\/p>\n\n\n\n<ul class=\"wp-block-list\">\n<li>Lorsqu\u2019une ruche essaime, la temp\u00e9rature atteint 34-38 \u00b0C.<\/li>\n\n\n\n<li>Le couvain doit maintenir une temp\u00e9rature entre 32 et 36 \u00b0C. Cela peut \u00eatre influenc\u00e9 par la temp\u00e9rature ext\u00e9rieure.<\/li>\n\n\n\n<li>Si la ruche est morte, la temp\u00e9rature interne s&rsquo;aligne sur la temp\u00e9rature externe, ce qui indique que la ruche ne thermor\u00e9gule plus.<\/li>\n\n\n\n<li>L\u2019\u00e9tat sanitaire, car des temp\u00e9ratures \u00ab inhabituelles \u00bb peuvent justifier une visite au rucher.<\/li>\n<\/ul>\n\n\n\n<p><strong>GAZ<\/strong><\/p>\n\n\n\n<p>Le capteur de GAZ install\u00e9 \u00e0 l&rsquo;int\u00e9rieur de la ruche nous fournit des informations sur :<\/p>\n\n\n\n<ul class=\"wp-block-list\">\n<li>Comportement de la ruche<\/li>\n\n\n\n<li>Changements m\u00e9taboliques des abeilles<\/li>\n\n\n\n<li>\u00c9tat sanitaire<\/li>\n\n\n\n<li>Valeurs de CO\u2082 : 0,1 \u2014 4,3 %<\/li>\n<\/ul>\n\n\n\n<p>De notre point de vue, ces capteurs sont chers, sensibles, peu informatifs et difficiles \u00e0 interpr\u00e9ter.<\/p>\n\n\n\n<p><strong>ENTR\u00c9E ET SORTIE<\/strong><\/p>\n\n\n\n<p>Le capteur d\u2019ENTR\u00c9E ET SORTIE DES ABEILLES est plac\u00e9 \u00e0 la piste de vol de la ruche et fournit des informations sur :<\/p>\n\n\n\n<ul class=\"wp-block-list\">\n<li>Activit\u00e9<\/li>\n\n\n\n<li>Connaissance du pic de travail<\/li>\n\n\n\n<li>S&rsquo;il y a un essaim<\/li>\n\n\n\n<li>Taux de retour<\/li>\n\n\n\n<li>Impact du climat sur l\u2019activit\u00e9<\/li>\n<\/ul>\n\n\n\n<h2 class=\"wp-block-heading\"><span class=\"ez-toc-section\" id=\"Pourquoi_est-il_important_de_surveiller_a_distance_nos_ruchers\"><\/span><strong>Pourquoi est-il important de surveiller \u00e0 distance nos ruchers ?<\/strong><span class=\"ez-toc-section-end\"><\/span><\/h2>\n\n\n\n<p>Cela nous fournit des informations pr\u00e9cieuses tout au long de la saison, ce qui nous permet d\u2019optimiser la prise de d\u00e9cisions pour am\u00e9liorer la productivit\u00e9 et la rentabilit\u00e9 de l\u2019exploitation, d\u2019optimiser les pratiques apicoles gr\u00e2ce \u00e0 un gain de temps, et de r\u00e9duire la mortalit\u00e9 des ruches.<\/p>\n\n\n\n<p>Les visites sur place ne sont pas remplac\u00e9es, mais les donn\u00e9es analys\u00e9es permettent d&rsquo;\u00e9tablir des priorit\u00e9s.<\/p>\n\n\n\n<figure class=\"wp-block-image\"><img decoding=\"async\" src=\"https:\/\/lh7-rt.googleusercontent.com\/docsz\/AD_4nXdrRgjbVJh7pzmrHIXueiGeyxrLmMroqXz1nPHymTUZT_Z9Qj5WomExgXU8HWuTRC-ndhLNeA9XVMhDpSZw-pm5GCXGhXttxvge7-6X-0groTMVknyzl9V4SpACVN3SVWVdIMNy?key=2c2E33vD9CQamAiS1iDvmNfD\" alt=\"-\"><\/figure>\n\n\n\n<h2 class=\"wp-block-heading\"><span class=\"ez-toc-section\" id=\"Avec_quoi_puis-je_surveiller_les_ruches\"><\/span><strong>Avec quoi puis-je surveiller les ruches ?<\/strong><span class=\"ez-toc-section-end\"><\/span><\/h2>\n\n\n\n<p>\u00c0 l\u2019aide de dispositifs de surveillance \u00e0 distance pour ruches. Il existe diff\u00e9rents mod\u00e8les sur le march\u00e9.<\/p>\n\n\n\n<p>La technologie de surveillance permet de d\u00e9finir diff\u00e9rents types d\u2019alertes en temps r\u00e9el via le dispositif plac\u00e9 \u00e0 l\u2019int\u00e9rieur de la ruche (temp\u00e9rature, humidit\u00e9, signal, batterie, etc.), nous permettant ainsi de pr\u00e9venir les probl\u00e8mes \u00e9ventuels.<\/p>\n\n\n\n<p>Les dispositifs doivent \u00eatre fabriqu\u00e9s en plastique alimentaire pour \u00e9viter toute contamination des abeilles et des produits de la ruche.<\/p>\n\n\n\n<p>Les informations sont envoy\u00e9es directement depuis le dispositif intracellulaire \u00e0 un smartphone, une tablette ou un ordinateur via une application simple, permettant de comparer les donn\u00e9es entre plusieurs \u00e9quipements.<\/p>\n\n\n\n<p>Il est \u00e9galement important que ces \u00e9quipements n\u2019\u00e9mettent pas de signal en continu, comme le font les t\u00e9l\u00e9phones portables, mais seulement de mani\u00e8re ponctuelle, afin de minimiser les interf\u00e9rences avec les abeilles.<\/p>\n\n\n\n<h2 class=\"wp-block-heading\"><span class=\"ez-toc-section\" id=\"Comment_surveiller_et_interpreter_les_donnees_a_chaque_moment_de_lannee\"><\/span><strong>Comment surveiller et interpr\u00e9ter les donn\u00e9es \u00e0 chaque moment de l\u2019ann\u00e9e ?<\/strong><span class=\"ez-toc-section-end\"><\/span><\/h2>\n\n\n\n<p>Au d\u00e9but de la saison, la temp\u00e9rature interne du couvain se situe normalement entre 33\u00b0C et 36\u00b0C. Une augmentation progressive de la temp\u00e9rature int\u00e9rieure (environ 0,1\u00b0C\/jour de janvier \u00e0 mars ; 0,4\u00b0C\/jour d\u2019avril \u00e0 juin et 0,5\u00b0C\/jour d\u2019ao\u00fbt \u00e0 septembre) indique la reprise de la ponte ou la capture d\u2019un essaim.<\/p>\n\n\n\n<figure class=\"wp-block-image\"><img decoding=\"async\" src=\"https:\/\/lh7-rt.googleusercontent.com\/docsz\/AD_4nXdsKq4oY3pLlrswyMSxzA7-gLeVQbIw3hQaUP6GDc9E3YblIOwMmczj78gpsDbPxnb4jP54x16IQ-3NVB1sylEMn4yF_zOFg1xiM4BPD_y6KZ6cDSnQATmrVT6PGqMNRwZxqEv2?key=2c2E33vD9CQamAiS1iDvmNfD\" alt=\"-\"><\/figure>\n\n\n\n<p><strong>Pendant la miell\u00e9e<\/strong><\/p>\n\n\n\n<p>Le placement du dispositif dans les cadres de la hausse permet d\u2019identifier \u00e0 distance le remplissage de celle-ci. Lorsque les cadres de hausse sont remplis de miel, une augmentation de la temp\u00e9rature et de l\u2019humidit\u00e9 est observable, indiquant le moment id\u00e9al pour r\u00e9colter.<\/p>\n\n\n\n<p>L\u2019utilisation d\u2019une balance mesurant le poids de la ruche est \u00e9galement utile, car une augmentation significative du poids confirme le remplissage des hausses.<\/p>\n\n\n\n<p>Cependant, les conditions m\u00e9t\u00e9orologiques, comme la pluie, peuvent affecter les lectures de poids, augmentant le poids de la ruche lorsqu\u2019elle est mouill\u00e9e et le r\u00e9duisant lors du s\u00e9chage, parfois jusqu\u2019\u00e0 0,5 kg. Il est donc essentiel d&rsquo;interpr\u00e9ter ces donn\u00e9es avec pr\u00e9caution.<\/p>\n\n\n\n<figure class=\"wp-block-image\"><img decoding=\"async\" src=\"https:\/\/lh7-rt.googleusercontent.com\/docsz\/AD_4nXc4JC4cTkRkmGEYWKhi6jydHWf9RHqJJbgJ7Rf8nCNa3tqnUxUhNFlPRgL3bbNaIuaddtNlo_cuDbNjbii1dprlbj6EtQVkKwa8EqRMHyZrUTBrYT2pL0DeQCf-9QmLrFMiJqCf-A?key=2c2E33vD9CQamAiS1iDvmNfD\" alt=\"-\"><\/figure>\n\n\n\n<p><strong>Pendant la saison<\/strong><\/p>\n\n\n\n<p>Une chute soudaine de temp\u00e9rature indique la n\u00e9cessit\u00e9 de visiter en urgence le rucher en raison d\u2019un probl\u00e8me de sant\u00e9 ou d\u2019essaimage (souvent accompagn\u00e9 d\u2019une diminution de l\u2019humidit\u00e9). Une diminution progressive de la temp\u00e9rature peut signaler un manque d\u2019espace dans la ruche, l\u2019absence de reine ou une p\u00e9nurie de ressources alimentaires (en raison de conditions climatiques d\u00e9favorables ou de la pr\u00e9sence de frelons asiatiques).<\/p>\n\n\n\n<p><strong>\u00c0 la fin de la campagne<\/strong><\/p>\n\n\n\n<p>Une diminution progressive de la temp\u00e9rature peut \u00eatre consid\u00e9r\u00e9e comme normale et indique une r\u00e9duction de la ponte et des ressources nutritionnelles, marquant le d\u00e9but de la p\u00e9riode d\u2019hivernage. C\u2019est le moment id\u00e9al pour appliquer les traitements contre le varroa afin d\u2019am\u00e9liorer leur efficacit\u00e9 en raison de la diminution de la quantit\u00e9 de couvain opercul\u00e9.<\/p>\n\n\n\n<figure class=\"wp-block-image\"><img decoding=\"async\" src=\"https:\/\/lh7-rt.googleusercontent.com\/docsz\/AD_4nXet4_60EI68VCNULucU5w0nKgbbbVME9MlG91ewLPTe4bZ8RAKYw7_06HhyyRsUdHbStSJuUqdooirP6BTEVEDUGock8_WK-JZR2hhEgjBp17Rg7g1gWhKZLnOG9Kd7WVxCX5_uMQ?key=2c2E33vD9CQamAiS1iDvmNfD\" alt=\"-\"><\/figure>\n\n\n\n<p><strong>En hiver<\/strong><\/p>\n\n\n\n<p>Une chute soudaine de la temp\u00e9rature indique un probl\u00e8me de sant\u00e9 et\/ou un manque de r\u00e9serves. La ruche doit \u00eatre visit\u00e9e d\u2019urgence.<\/p>\n\n\n\n<p><strong>En tout temps<\/strong><\/p>\n\n\n\n<p>La temp\u00e9rature interne de la ruche doit toujours \u00eatre sup\u00e9rieure \u00e0 la temp\u00e9rature externe. Toutefois, dans certaines r\u00e9gions d\u2019Espagne, en \u00e9t\u00e9, la temp\u00e9rature ext\u00e9rieure d\u00e9passe les 36\u00b0C, obligeant les abeilles \u00e0 recueillir de l\u2019eau pour refroidir la ruche et maintenir l\u2019humidit\u00e9 n\u00e9cessaire \u00e0 la survie des larves.<\/p>\n\n\n\n<p>Si la temp\u00e9rature interne et externe de la ruche est identique, cela peut signifier que la ruche est morte, n\u00e9cessitant une inspection pour \u00e9viter le pillage.<\/p>\n\n\n\n<p>L&rsquo;humidit\u00e9 consid\u00e9r\u00e9e comme normale en saison se situe entre 40 % et 65 %.<\/p>\n\n\n\n<p>Le niveau d&rsquo;humidit\u00e9 interne est fortement li\u00e9 \u00e0 la temp\u00e9rature interne, bien qu&rsquo;il soit \u00e9galement influenc\u00e9 par plusieurs facteurs, m\u00e9t\u00e9orologiques, ainsi que par la population de la colonie. Pour l&rsquo;Espagne, les seules mesures que nous connaissons sont celles de l&rsquo;Universit\u00e9 de Cordoue, qui indiquent pour le nid \u00e0 couvain environ entre 50 % et 60 % ; en deux ans, ils n&rsquo;ont pas mesur\u00e9 plus de 60 % dans le corps, et pas plus de 70 % dans le reste de la ruche.<\/p>\n\n\n\n<p>Id\u00e9alement, le taux devrait toujours \u00eatre inf\u00e9rieur \u00e0 90 % pour \u00e9viter la prolif\u00e9ration de certains champignons, mais c&rsquo;est une aberration pour notre climat.<\/p>\n\n\n\n<p>Si le niveau d&rsquo;humidit\u00e9 est trop \u00e9lev\u00e9, il faudra r\u00e9duire le volume int\u00e9rieur de la ruche et rechercher la cause qui le provoque (r\u00e9duction de l&rsquo;entr\u00e9e, toit perfor\u00e9, perte du toit, etc.)<\/p>\n\n\n\n<p>L&rsquo;humidit\u00e9 excessive, les courants d&rsquo;air froids, les colonies faibles et la mauvaise qualit\u00e9\/quantit\u00e9 de ressources (nectar et pollen) figurent parmi les principales causes de pertes de ruches pendant l&rsquo;hiver.<\/p>\n\n\n\n<figure class=\"wp-block-image\"><img decoding=\"async\" src=\"https:\/\/lh7-rt.googleusercontent.com\/docsz\/AD_4nXc4K5Ty09pnc8jxVtx8smVnAePXb1uGNhyLrtPzvVIe37R-YzAIQSCl0oQAV3A5RIQdrWkgodOrLEbBjkGWQ7yIlqccAKm34jIpavPJOId8kSiyVFjqpa0t5cGH2FhReGdlasX2?key=2c2E33vD9CQamAiS1iDvmNfD\" alt=\"-\"><\/figure>\n\n\n\n<p><\/p>\n<div id='recomendados_connectif' class='recomendados_connectif'><\/div>","protected":false},"excerpt":{"rendered":"<p>La situation actuelle du secteur apicole et le changement climatique marqu\u00e9 obligent l&rsquo;apiculteur \u00e0 modifier ses habitudes de gestion et \u00e0 surveiller plus fr\u00e9quemment ses ruchers. Quels param\u00e8tres sont surveill\u00e9s ? La temp\u00e9rature, l&rsquo;humidit\u00e9 et le poids sont trois facteurs d\u00e9terminants pour le d\u00e9veloppement et la survie des colonies d&rsquo;abeilles. La mesure continue de ces [&hellip;]<\/p>\n","protected":false},"author":1,"featured_media":11132,"comment_status":"open","ping_status":"open","sticky":false,"template":"","format":"standard","meta":{"footnotes":""},"categories":[1907,1894,1906],"tags":[],"class_list":["post-11131","post","type-post","status-publish","format-standard","has-post-thumbnail","hentry","category-equipements-materiel","category-non-classifiee","category-techniques-apicoles"],"_links":{"self":[{"href":"https:\/\/www.latiendadelapicultor.com\/blog\/fr\/wp-json\/wp\/v2\/posts\/11131","targetHints":{"allow":["GET"]}}],"collection":[{"href":"https:\/\/www.latiendadelapicultor.com\/blog\/fr\/wp-json\/wp\/v2\/posts"}],"about":[{"href":"https:\/\/www.latiendadelapicultor.com\/blog\/fr\/wp-json\/wp\/v2\/types\/post"}],"author":[{"embeddable":true,"href":"https:\/\/www.latiendadelapicultor.com\/blog\/fr\/wp-json\/wp\/v2\/users\/1"}],"replies":[{"embeddable":true,"href":"https:\/\/www.latiendadelapicultor.com\/blog\/fr\/wp-json\/wp\/v2\/comments?post=11131"}],"version-history":[{"count":2,"href":"https:\/\/www.latiendadelapicultor.com\/blog\/fr\/wp-json\/wp\/v2\/posts\/11131\/revisions"}],"predecessor-version":[{"id":11135,"href":"https:\/\/www.latiendadelapicultor.com\/blog\/fr\/wp-json\/wp\/v2\/posts\/11131\/revisions\/11135"}],"wp:featuredmedia":[{"embeddable":true,"href":"https:\/\/www.latiendadelapicultor.com\/blog\/fr\/wp-json\/wp\/v2\/media\/11132"}],"wp:attachment":[{"href":"https:\/\/www.latiendadelapicultor.com\/blog\/fr\/wp-json\/wp\/v2\/media?parent=11131"}],"wp:term":[{"taxonomy":"category","embeddable":true,"href":"https:\/\/www.latiendadelapicultor.com\/blog\/fr\/wp-json\/wp\/v2\/categories?post=11131"},{"taxonomy":"post_tag","embeddable":true,"href":"https:\/\/www.latiendadelapicultor.com\/blog\/fr\/wp-json\/wp\/v2\/tags?post=11131"}],"curies":[{"name":"wp","href":"https:\/\/api.w.org\/{rel}","templated":true}]}}