{"id":9940,"date":"2015-08-04T19:47:40","date_gmt":"2015-08-04T17:47:40","guid":{"rendered":"https:\/\/www.latiendadelapicultor.com\/blog\/?p=9940"},"modified":"2024-06-09T19:30:01","modified_gmt":"2024-06-09T17:30:01","slug":"aethina-tumida-le-petit-coleoptere-des-ruches","status":"publish","type":"post","link":"https:\/\/www.latiendadelapicultor.com\/blog\/fr\/aethina-tumida-le-petit-coleoptere-des-ruches\/","title":{"rendered":"Aethina tumida : Le petit col\u00e9opt\u00e8re des ruches"},"content":{"rendered":"\n<div id=\"ez-toc-container\" class=\"ez-toc-v2_0_76 counter-hierarchy ez-toc-counter ez-toc-grey ez-toc-container-direction\">\n<div class=\"ez-toc-title-container\">\n<p class=\"ez-toc-title\" style=\"cursor:inherit\">Tabla de contenidos<\/p>\n<span class=\"ez-toc-title-toggle\"><a href=\"#\" class=\"ez-toc-pull-right ez-toc-btn ez-toc-btn-xs ez-toc-btn-default ez-toc-toggle\" aria-label=\"Toggle Table of Content\"><span class=\"ez-toc-js-icon-con\"><span class=\"\"><span class=\"eztoc-hide\" style=\"display:none;\">Toggle<\/span><span class=\"ez-toc-icon-toggle-span\"><svg style=\"fill: #999;color:#999\" xmlns=\"http:\/\/www.w3.org\/2000\/svg\" class=\"list-377408\" width=\"20px\" height=\"20px\" viewBox=\"0 0 24 24\" fill=\"none\"><path d=\"M6 6H4v2h2V6zm14 0H8v2h12V6zM4 11h2v2H4v-2zm16 0H8v2h12v-2zM4 16h2v2H4v-2zm16 0H8v2h12v-2z\" fill=\"currentColor\"><\/path><\/svg><svg style=\"fill: #999;color:#999\" class=\"arrow-unsorted-368013\" xmlns=\"http:\/\/www.w3.org\/2000\/svg\" width=\"10px\" height=\"10px\" viewBox=\"0 0 24 24\" version=\"1.2\" baseProfile=\"tiny\"><path d=\"M18.2 9.3l-6.2-6.3-6.2 6.3c-.2.2-.3.4-.3.7s.1.5.3.7c.2.2.4.3.7.3h11c.3 0 .5-.1.7-.3.2-.2.3-.5.3-.7s-.1-.5-.3-.7zM5.8 14.7l6.2 6.3 6.2-6.3c.2-.2.3-.5.3-.7s-.1-.5-.3-.7c-.2-.2-.4-.3-.7-.3h-11c-.3 0-.5.1-.7.3-.2.2-.3.5-.3.7s.1.5.3.7z\"\/><\/svg><\/span><\/span><\/span><\/a><\/span><\/div>\n<nav><ul class='ez-toc-list ez-toc-list-level-1 ' ><li class='ez-toc-page-1 ez-toc-heading-level-2'><a class=\"ez-toc-link ez-toc-heading-1\" href=\"https:\/\/www.latiendadelapicultor.com\/blog\/fr\/aethina-tumida-le-petit-coleoptere-des-ruches\/#Introduction_a_aethina_tumida\" >Introduction \u00e0 aethina tumida<\/a><\/li><li class='ez-toc-page-1 ez-toc-heading-level-2'><a class=\"ez-toc-link ez-toc-heading-2\" href=\"https:\/\/www.latiendadelapicultor.com\/blog\/fr\/aethina-tumida-le-petit-coleoptere-des-ruches\/#Le_cycle_de_vie_daethina_tumida\" >Le cycle de vie d\u2019aethina tumida<\/a><\/li><li class='ez-toc-page-1 ez-toc-heading-level-2'><a class=\"ez-toc-link ez-toc-heading-3\" href=\"https:\/\/www.latiendadelapicultor.com\/blog\/fr\/aethina-tumida-le-petit-coleoptere-des-ruches\/#Detection_daethina_tumida\" >D\u00e9tection d\u2019aethina tumida&nbsp;<\/a><\/li><\/ul><\/nav><\/div>\n<h2 class=\"wp-block-heading\"><span class=\"ez-toc-section\" id=\"Introduction_a_aethina_tumida\"><\/span><strong>Introduction \u00e0 aethina tumida<\/strong><span class=\"ez-toc-section-end\"><\/span><\/h2>\n\n\n\n<p>Le petit col\u00e9opt\u00e8re des ruches est un fl\u00e9au qui attaque les ruches affaiblies, effectuant son cycle de vie dans leurs cadres, ce qui les d\u00e9truit et peut \u00e9liminer la colonie si elle n&rsquo;est pas capable de se d\u00e9fendre. Il peut \u00e9galement attaquer les cadres de miel, d\u00e9truisant les r\u00e9serves de la colonie ce qui peut devenir vite probl\u00e9matique pour leur survie.<\/p>\n\n\n\n<p>Il a \u00e9t\u00e9 d\u00e9couvert pour la premi\u00e8re fois en Afrique du Sud. Originaire de cette r\u00e9gion, il occupe la niche \u00e9cologique de notre fausse teigne et n&rsquo;est pas consid\u00e9r\u00e9 comme tr\u00e8s pr\u00e9occupant. Mais en 1998, il est apparu aux \u00c9tats-Unis, et de l\u00e0, il s&rsquo;est \u00e9tendu vers le nord et le sud, suscitant de s\u00e9rieuses pr\u00e9occupations.<\/p>\n\n\n\n<p>En Europe, il a \u00e9t\u00e9 d\u00e9couvert dans le sud de l&rsquo;Italie en 2014. Il a \u00e9t\u00e9 contr\u00f4l\u00e9 et semble y stagner, limit\u00e9 \u00e0 une zone d&rsquo;o\u00f9, jusqu&rsquo;\u00e0 ce jour (avril 2020), il n&rsquo;est pas sorti. En Europe du Nord, les apiculteurs restent vigilants et on commence \u00e0 en parler.&nbsp;<\/p>\n\n\n\n<h2 class=\"wp-block-heading\"><span class=\"ez-toc-section\" id=\"Le_cycle_de_vie_daethina_tumida\"><\/span><strong>Le cycle de vie d\u2019<\/strong><strong>aethina tumida<\/strong><span class=\"ez-toc-section-end\"><\/span><\/h2>\n\n\n\n<p>Les femelles de ce col\u00e9opt\u00e8re sont attir\u00e9es par les ruches en raison de leur odeur. Elles p\u00e9n\u00e8trent \u00e0 l&rsquo;int\u00e9rieur, et, si elles \u00e9chappent \u00e0 l&rsquo;instinct de nettoyage des abeilles, elles pondent leurs \u0153ufs dans les cadres. Elles peuvent consommer les \u0153ufs de la ruche, source de prot\u00e9ine pour elle. De leur ponte \u00e9mergent des larves, qui perforent les alv\u00e9oles pour se nourrir de miel et de pollen, provoquant le d\u00e9versement du miel et sa fermentation.<\/p>\n\n\n\n<p>Lorsque les larves ont m\u00fbri, elles sortent de la ruche, s&rsquo;enterrent dans les alentours sous la planche d&rsquo;envol, \u00e0 faible profondeur, cr\u00e9ent leur cocon et se transforment en adultes.<\/p>\n\n\n\n<p>Le cycle dure de un \u00e0 trois mois, selon la temp\u00e9rature ambiante. La larve a besoin d&rsquo;un sol meuble et humide, de type sableux dans les zones humides, pour pouvoir se nymphoser. Ainsi, selon la r\u00e9gion, elle peut ne faire qu&rsquo;une seule g\u00e9n\u00e9ration par an, et ne pas causer de s\u00e9rieux dommages, ou jusqu&rsquo;\u00e0 6, et \u00eatre un danger pour les ruches faibles ; les ruches fortes se d\u00e9fendent bien contre ce parasite.<\/p>\n\n\n\n<figure class=\"wp-block-image size-full\"><a href=\"https:\/\/www.latiendadelapicultor.com\/blog\/wp-content\/uploads\/2024\/06\/aethina.jpg\"><img fetchpriority=\"high\" decoding=\"async\" width=\"939\" height=\"748\" src=\"https:\/\/www.latiendadelapicultor.com\/blog\/wp-content\/uploads\/2024\/06\/aethina.jpg\" alt=\"-\" class=\"wp-image-9944\" srcset=\"https:\/\/www.latiendadelapicultor.com\/blog\/wp-content\/uploads\/2024\/06\/aethina.jpg 939w, https:\/\/www.latiendadelapicultor.com\/blog\/wp-content\/uploads\/2024\/06\/aethina-300x239.jpg 300w, https:\/\/www.latiendadelapicultor.com\/blog\/wp-content\/uploads\/2024\/06\/aethina-768x612.jpg 768w\" sizes=\"(max-width: 939px) 100vw, 939px\" \/><\/a><\/figure>\n\n\n\n<h2 class=\"wp-block-heading\"><span class=\"ez-toc-section\" id=\"Detection_daethina_tumida\"><\/span><strong>D\u00e9tection d\u2019aethina tumida&nbsp;<\/strong><span class=\"ez-toc-section-end\"><\/span><\/h2>\n\n\n\n<p>Dans le corps de la ruche ou la hausse, sa pr\u00e9sence peut \u00eatre v\u00e9rifi\u00e9e par l&rsquo;apparition de miel ferment\u00e9 vers\u00e9, avec une odeur d\u2019orange pourrie.<\/p>\n\n\n\n<p>L&rsquo;inspection des cadres peut permettre de voir les col\u00e9opt\u00e8res, qui mesurent environ 7 \u00e0 8 mm. Ils sont de couleur sombre et se caract\u00e9risent par leurs antennes en forme de massue, mais aussi la s\u00e9paration entre leur thorax et l\u2019abdomen, et le fait que les \u00e9lytres ne le recouvrent pas totalement, laissant les derniers anneaux \u00e0 d\u00e9couvert.<\/p>\n\n\n\n<figure class=\"wp-block-image size-large\"><a href=\"https:\/\/www.latiendadelapicultor.com\/blog\/wp-content\/uploads\/2020\/05\/pequen\u0303o-escarabajo-adulto-aethina-tumida-1.png\"><img decoding=\"async\" width=\"637\" height=\"470\" src=\"https:\/\/www.latiendadelapicultor.com\/blog\/wp-content\/uploads\/2020\/05\/pequen\u0303o-escarabajo-adulto-aethina-tumida-1.png\" alt=\"-\" class=\"wp-image-2652\" srcset=\"https:\/\/www.latiendadelapicultor.com\/blog\/wp-content\/uploads\/2020\/05\/pequen\u0303o-escarabajo-adulto-aethina-tumida-1.png 637w, https:\/\/www.latiendadelapicultor.com\/blog\/wp-content\/uploads\/2020\/05\/pequen\u0303o-escarabajo-adulto-aethina-tumida-1-300x221.png 300w\" sizes=\"(max-width: 637px) 100vw, 637px\" \/><\/a><\/figure>\n\n\n\n<p>Les larves peuvent \u00e9galement \u00eatre observ\u00e9es au niveau des cadres attaqu\u00e9s et dans le fond de la ruche lorsqu\u2019elles tombent. Elles mesurent environ 1 cm, avec les pattes typiques de col\u00e9opt\u00e8res sur les premiers anneaux et des \u00e9pines sur le dos. Les larves peuvent \u00e9galement piller les cadres de miel en miellerie lors du stockage.<\/p>\n\n\n\n<figure class=\"wp-block-image size-large\"><img decoding=\"async\" width=\"443\" height=\"331\" src=\"https:\/\/www.latiendadelapicultor.com\/blog\/wp-content\/uploads\/2020\/05\/panal-con-larvas.png\" alt=\"-\" class=\"wp-image-2650\" srcset=\"https:\/\/www.latiendadelapicultor.com\/blog\/wp-content\/uploads\/2020\/05\/panal-con-larvas.png 443w, https:\/\/www.latiendadelapicultor.com\/blog\/wp-content\/uploads\/2020\/05\/panal-con-larvas-300x224.png 300w\" sizes=\"(max-width: 443px) 100vw, 443px\" \/><\/figure>\n\n\n\n<figure class=\"wp-block-image size-full\"><a href=\"https:\/\/www.latiendadelapicultor.com\/blog\/wp-content\/uploads\/2024\/06\/5310058-PPT.jpg\"><img loading=\"lazy\" decoding=\"async\" width=\"768\" height=\"608\" src=\"https:\/\/www.latiendadelapicultor.com\/blog\/wp-content\/uploads\/2024\/06\/5310058-PPT.jpg\" alt=\"-\" class=\"wp-image-9941\" srcset=\"https:\/\/www.latiendadelapicultor.com\/blog\/wp-content\/uploads\/2024\/06\/5310058-PPT.jpg 768w, https:\/\/www.latiendadelapicultor.com\/blog\/wp-content\/uploads\/2024\/06\/5310058-PPT-300x238.jpg 300w\" sizes=\"(max-width: 768px) 100vw, 768px\" \/><\/a><\/figure>\n\n\n\n<p>Si la colonie est attaqu\u00e9e, elle peut effectuer une d\u00e9sertion de la ruche pour cause d\u2019urgence sanitaire. Elle pourra recommencer son activit\u00e9 dans un autre lieu plus sain, comme c\u2019est le cas dans certains cas de loque am\u00e9ricaine, de faim extr\u00eame, ou de varroa.<\/p>\n\n\n\n<p><strong>Comment lutter contre aethina tumida ?<\/strong><\/p>\n\n\n\n<p>Il existe sur le march\u00e9 plusieurs pi\u00e8ges pour ce col\u00e9opt\u00e8re, qui se placent au niveau de la planche d\u2019envol, entre les cadres, ou au fond de la ruche. Ils consistent essentiellement en diff\u00e9rents designs de fentes de 4 mm, qui permettent au col\u00e9opt\u00e8re de s&rsquo;y cacher pour \u00e9chapper \u00e0 l&rsquo;action nettoyante des abeilles.<\/p>\n\n\n\n<p>\u00c0 l&rsquo;int\u00e9rieur de certains de ces pi\u00e8ges, on peut placer de l&rsquo;huile, de l&rsquo;acide borique, de la terre de diatom\u00e9e\u2026 certains placent m\u00eame un insecticide impr\u00e9gnant des cartons, ou du CheckMite, ce qui n&rsquo;est pas recommandable en raison des probl\u00e8mes de r\u00e9sidus dans la cire d\u2019abeille. Ainsi, les col\u00e9opt\u00e8res qui entrent dans le pi\u00e8ge p\u00e9riront.<\/p>\n\n\n\n<p>Le pi\u00e8ge le plus simple consiste simplement \u00e0 placer une bande de polycarbonates cellulaire de cellules de 4 mm au fond de la ruche, de mani\u00e8re \u00e0 ce qu&rsquo;il d\u00e9passe de la planche d\u2019envol pour pouvoir \u00eatre facilement extrait. Ce mat\u00e9riau est utilis\u00e9 comme isolant dans les portes des serres.<\/p>\n\n\n\n<figure class=\"wp-block-image size-large\"><a href=\"https:\/\/www.latiendadelapicultor.com\/blog\/wp-content\/uploads\/2020\/05\/policarbonato-celular-celdillas.jpg\"><img loading=\"lazy\" decoding=\"async\" width=\"1000\" height=\"1000\" src=\"https:\/\/www.latiendadelapicultor.com\/blog\/wp-content\/uploads\/2020\/05\/policarbonato-celular-celdillas.jpg\" alt=\"-\" class=\"wp-image-2654\" srcset=\"https:\/\/www.latiendadelapicultor.com\/blog\/wp-content\/uploads\/2020\/05\/policarbonato-celular-celdillas.jpg 1000w, https:\/\/www.latiendadelapicultor.com\/blog\/wp-content\/uploads\/2020\/05\/policarbonato-celular-celdillas-300x300.jpg 300w, https:\/\/www.latiendadelapicultor.com\/blog\/wp-content\/uploads\/2020\/05\/policarbonato-celular-celdillas-150x150.jpg 150w, https:\/\/www.latiendadelapicultor.com\/blog\/wp-content\/uploads\/2020\/05\/policarbonato-celular-celdillas-768x768.jpg 768w, https:\/\/www.latiendadelapicultor.com\/blog\/wp-content\/uploads\/2020\/05\/policarbonato-celular-celdillas-65x65.jpg 65w\" sizes=\"(max-width: 1000px) 100vw, 1000px\" \/><\/a><figcaption class=\"wp-element-caption\"><em>Polycarbonate cellulaire de 4 mm<\/em><\/figcaption><\/figure>\n<div id='recomendados_connectif' class='recomendados_connectif'><\/div>","protected":false},"excerpt":{"rendered":"<p>Introduction \u00e0 aethina tumida Le petit col\u00e9opt\u00e8re des ruches est un fl\u00e9au qui attaque les ruches affaiblies, effectuant son cycle de vie dans leurs cadres, ce qui les d\u00e9truit et peut \u00e9liminer la colonie si elle n&rsquo;est pas capable de se d\u00e9fendre. Il peut \u00e9galement attaquer les cadres de miel, d\u00e9truisant les r\u00e9serves de la [&hellip;]<\/p>\n","protected":false},"author":1,"featured_media":8693,"comment_status":"open","ping_status":"closed","sticky":false,"template":"","format":"standard","meta":{"footnotes":""},"categories":[1894,1908],"tags":[],"class_list":["post-9940","post","type-post","status-publish","format-standard","has-post-thumbnail","hentry","category-non-classifiee","category-maladies-parasites"],"_links":{"self":[{"href":"https:\/\/www.latiendadelapicultor.com\/blog\/fr\/wp-json\/wp\/v2\/posts\/9940","targetHints":{"allow":["GET"]}}],"collection":[{"href":"https:\/\/www.latiendadelapicultor.com\/blog\/fr\/wp-json\/wp\/v2\/posts"}],"about":[{"href":"https:\/\/www.latiendadelapicultor.com\/blog\/fr\/wp-json\/wp\/v2\/types\/post"}],"author":[{"embeddable":true,"href":"https:\/\/www.latiendadelapicultor.com\/blog\/fr\/wp-json\/wp\/v2\/users\/1"}],"replies":[{"embeddable":true,"href":"https:\/\/www.latiendadelapicultor.com\/blog\/fr\/wp-json\/wp\/v2\/comments?post=9940"}],"version-history":[{"count":2,"href":"https:\/\/www.latiendadelapicultor.com\/blog\/fr\/wp-json\/wp\/v2\/posts\/9940\/revisions"}],"predecessor-version":[{"id":9947,"href":"https:\/\/www.latiendadelapicultor.com\/blog\/fr\/wp-json\/wp\/v2\/posts\/9940\/revisions\/9947"}],"wp:featuredmedia":[{"embeddable":true,"href":"https:\/\/www.latiendadelapicultor.com\/blog\/fr\/wp-json\/wp\/v2\/media\/8693"}],"wp:attachment":[{"href":"https:\/\/www.latiendadelapicultor.com\/blog\/fr\/wp-json\/wp\/v2\/media?parent=9940"}],"wp:term":[{"taxonomy":"category","embeddable":true,"href":"https:\/\/www.latiendadelapicultor.com\/blog\/fr\/wp-json\/wp\/v2\/categories?post=9940"},{"taxonomy":"post_tag","embeddable":true,"href":"https:\/\/www.latiendadelapicultor.com\/blog\/fr\/wp-json\/wp\/v2\/tags?post=9940"}],"curies":[{"name":"wp","href":"https:\/\/api.w.org\/{rel}","templated":true}]}}