{"id":2214,"date":"2019-10-22T11:06:15","date_gmt":"2019-10-22T09:06:15","guid":{"rendered":"https:\/\/www.latiendadelapicultor.com\/blog\/?p=2214"},"modified":"2024-06-11T13:06:44","modified_gmt":"2024-06-11T11:06:44","slug":"sindrome-de-desaparicion-de-colmenas-sdc","status":"publish","type":"post","link":"https:\/\/www.latiendadelapicultor.com\/blog\/sindrome-de-desaparicion-de-colmenas-sdc\/","title":{"rendered":"S\u00edndrome de desaparici\u00f3n de colmenas (SDC)"},"content":{"rendered":"\n<div id=\"ez-toc-container\" class=\"ez-toc-v2_0_76 counter-hierarchy ez-toc-counter ez-toc-grey ez-toc-container-direction\">\n<div class=\"ez-toc-title-container\">\n<p class=\"ez-toc-title\" style=\"cursor:inherit\">Tabla de contenidos<\/p>\n<span class=\"ez-toc-title-toggle\"><a href=\"#\" class=\"ez-toc-pull-right ez-toc-btn ez-toc-btn-xs ez-toc-btn-default ez-toc-toggle\" aria-label=\"Alternar tabla de contenidos\"><span class=\"ez-toc-js-icon-con\"><span class=\"\"><span class=\"eztoc-hide\" style=\"display:none;\">Toggle<\/span><span class=\"ez-toc-icon-toggle-span\"><svg style=\"fill: #999;color:#999\" xmlns=\"http:\/\/www.w3.org\/2000\/svg\" class=\"list-377408\" width=\"20px\" height=\"20px\" viewBox=\"0 0 24 24\" fill=\"none\"><path d=\"M6 6H4v2h2V6zm14 0H8v2h12V6zM4 11h2v2H4v-2zm16 0H8v2h12v-2zM4 16h2v2H4v-2zm16 0H8v2h12v-2z\" fill=\"currentColor\"><\/path><\/svg><svg style=\"fill: #999;color:#999\" class=\"arrow-unsorted-368013\" xmlns=\"http:\/\/www.w3.org\/2000\/svg\" width=\"10px\" height=\"10px\" viewBox=\"0 0 24 24\" version=\"1.2\" baseProfile=\"tiny\"><path d=\"M18.2 9.3l-6.2-6.3-6.2 6.3c-.2.2-.3.4-.3.7s.1.5.3.7c.2.2.4.3.7.3h11c.3 0 .5-.1.7-.3.2-.2.3-.5.3-.7s-.1-.5-.3-.7zM5.8 14.7l6.2 6.3 6.2-6.3c.2-.2.3-.5.3-.7s-.1-.5-.3-.7c-.2-.2-.4-.3-.7-.3h-11c-.3 0-.5.1-.7.3-.2.2-.3.5-.3.7s.1.5.3.7z\"\/><\/svg><\/span><\/span><\/span><\/a><\/span><\/div>\n<nav><ul class='ez-toc-list ez-toc-list-level-1 ' ><li class='ez-toc-page-1 ez-toc-heading-level-2'><a class=\"ez-toc-link ez-toc-heading-1\" href=\"https:\/\/www.latiendadelapicultor.com\/blog\/sindrome-de-desaparicion-de-colmenas-sdc\/#Introduccion\" >Introducci\u00f3n<\/a><\/li><li class='ez-toc-page-1 ez-toc-heading-level-2'><a class=\"ez-toc-link ez-toc-heading-2\" href=\"https:\/\/www.latiendadelapicultor.com\/blog\/sindrome-de-desaparicion-de-colmenas-sdc\/#Factores_principales\" >Factores principales<\/a><ul class='ez-toc-list-level-3' ><li class='ez-toc-heading-level-3'><a class=\"ez-toc-link ez-toc-heading-3\" href=\"https:\/\/www.latiendadelapicultor.com\/blog\/sindrome-de-desaparicion-de-colmenas-sdc\/#Carga_excesiva_de_Varroa\" >Carga excesiva de Varroa<\/a><\/li><li class='ez-toc-page-1 ez-toc-heading-level-3'><a class=\"ez-toc-link ez-toc-heading-4\" href=\"https:\/\/www.latiendadelapicultor.com\/blog\/sindrome-de-desaparicion-de-colmenas-sdc\/#Residuos_de_plaguicidas_en_la_colmena\" >Residuos de plaguicidas en la colmena<\/a><\/li><li class='ez-toc-page-1 ez-toc-heading-level-3'><a class=\"ez-toc-link ez-toc-heading-5\" href=\"https:\/\/www.latiendadelapicultor.com\/blog\/sindrome-de-desaparicion-de-colmenas-sdc\/#Mala_nutricion\" >Mala nutrici\u00f3n<\/a><\/li><\/ul><\/li><li class='ez-toc-page-1 ez-toc-heading-level-2'><a class=\"ez-toc-link ez-toc-heading-6\" href=\"https:\/\/www.latiendadelapicultor.com\/blog\/sindrome-de-desaparicion-de-colmenas-sdc\/#Como_prevenir\" >Como prevenir<\/a><ul class='ez-toc-list-level-3' ><li class='ez-toc-heading-level-3'><a class=\"ez-toc-link ez-toc-heading-7\" href=\"https:\/\/www.latiendadelapicultor.com\/blog\/sindrome-de-desaparicion-de-colmenas-sdc\/#Control_de_varroa\" >Control de varroa<\/a><\/li><li class='ez-toc-page-1 ez-toc-heading-level-3'><a class=\"ez-toc-link ez-toc-heading-8\" href=\"https:\/\/www.latiendadelapicultor.com\/blog\/sindrome-de-desaparicion-de-colmenas-sdc\/#Utilizar_cera_de_bajos_residuos\" >Utilizar cera de bajos residuos<\/a><\/li><li class='ez-toc-page-1 ez-toc-heading-level-3'><a class=\"ez-toc-link ez-toc-heading-9\" href=\"https:\/\/www.latiendadelapicultor.com\/blog\/sindrome-de-desaparicion-de-colmenas-sdc\/#Controlar_los_niveles_de_reservas_de_las_colmenas\" >Controlar los niveles de reservas de las colmenas<\/a><\/li><\/ul><\/li><li class='ez-toc-page-1 ez-toc-heading-level-2'><a class=\"ez-toc-link ez-toc-heading-10\" href=\"https:\/\/www.latiendadelapicultor.com\/blog\/sindrome-de-desaparicion-de-colmenas-sdc\/#Fuente\" >Fuente<\/a><\/li><\/ul><\/nav><\/div>\n<h2 class=\"wp-block-heading\"><span class=\"ez-toc-section\" id=\"Introduccion\"><\/span><strong>Introducci\u00f3n<\/strong><span class=\"ez-toc-section-end\"><\/span><\/h2>\n\n\n\n<p>Este post es un resumen sobre la situaci\u00f3n de las abejas. Si deseas leer un post m\u00e1s completo sobre esta mismo tema accede aqu\u00ed: <a href=\"https:\/\/www.latiendadelapicultor.com\/blog\/estan-desapareciendo-las-abejas\/\">\u00bfEst\u00e1n desapareciendo las abejas? Claves sobre el colapso de las colmenas.<\/a><\/p>\n\n\n\n<p>En ingl\u00e9s CCD (Colony collapse disorder). Con este nombre se conocen una serie de s\u00edntomas que acaban con la desaparici\u00f3n de las abejas de las colmenas afectadas, generalmente durante el invierno, y, aparentemente, sin explicaci\u00f3n.<\/p>\n\n\n\n<figure class=\"wp-block-gallery has-nested-images columns-default is-cropped wp-block-gallery-1 is-layout-flex wp-block-gallery-is-layout-flex\">\n<figure class=\"wp-block-image size-full\"><a href=\"https:\/\/www.latiendadelapicultor.com\/blog\/wp-content\/uploads\/2023\/05\/Depositphotos_379295864_S.jpg\"><img fetchpriority=\"high\" decoding=\"async\" width=\"1000\" height=\"667\" data-id=\"6565\" src=\"https:\/\/www.latiendadelapicultor.com\/blog\/wp-content\/uploads\/2023\/05\/Depositphotos_379295864_S.jpg\" alt=\"-\" class=\"wp-image-6565\" srcset=\"https:\/\/www.latiendadelapicultor.com\/blog\/wp-content\/uploads\/2023\/05\/Depositphotos_379295864_S.jpg 1000w, https:\/\/www.latiendadelapicultor.com\/blog\/wp-content\/uploads\/2023\/05\/Depositphotos_379295864_S-300x200.jpg 300w, https:\/\/www.latiendadelapicultor.com\/blog\/wp-content\/uploads\/2023\/05\/Depositphotos_379295864_S-768x512.jpg 768w\" sizes=\"(max-width: 1000px) 100vw, 1000px\" \/><\/a><figcaption class=\"wp-element-caption\">Panal vac\u00edo CCD<\/figcaption><\/figure>\n<\/figure>\n\n\n\n<p>La gran mayor\u00eda de los equipos que trabajan en este tema coinciden en atribuirlo a una actuaci\u00f3n conjunta, una sinergia, de tres factores principales, que debilitan a las abejas, con lo que estas no suelen volver de los vuelos que realizan ocasionalmente a lo largo del invierno y la colonia va mermando m\u00e1s o menos r\u00e1pidamente hasta desaparecer. <\/p>\n\n\n\n<h2 class=\"wp-block-heading\"><span class=\"ez-toc-section\" id=\"Factores_principales\"><\/span><strong>Factores principales<\/strong><span class=\"ez-toc-section-end\"><\/span><\/h2>\n\n\n\n<p>Estos tres factores principales son:<\/p>\n\n\n\n<h3 class=\"wp-block-heading\"><span class=\"ez-toc-section\" id=\"Carga_excesiva_de_Varroa\"><\/span><strong>Carga excesiva de Varroa<\/strong><span class=\"ez-toc-section-end\"><\/span><\/h3>\n\n\n\n<p>Una carga excesiva de varroa en oto\u00f1o, que va a debilitar&nbsp;a las abejas que se cr\u00eden en esa \u00e9poca, que ser\u00e1n las que han de aguantar todo el invierno y arrancar la colmena en la primavera siguiente.<\/p>\n\n\n\n<h3 class=\"wp-block-heading\"><span class=\"ez-toc-section\" id=\"Residuos_de_plaguicidas_en_la_colmena\"><\/span><strong>Residuos de plaguicidas en la colmena<\/strong><span class=\"ez-toc-section-end\"><\/span><\/h3>\n\n\n\n<p>En algunas pocas&nbsp;zonas esos plaguicidas pueden ser agr\u00edcolas, procedentes de tratamientos a cultivos. Pero en la inmensa mayor\u00eda de los casos proceden de los tratamientos con acaricidas contra varroa, que realizamos ininterrumpidamente desde que este \u00e1caro se instal\u00f3 en nuestro entorno. <\/p>\n\n\n\n<p>Como ya se ha explicado al hablar de los tratamientos contra varroa, una parte de los acaricidas quedan en <a href=\"https:\/\/www.latiendadelapicultor.com\/blog\/calidad-de-la-cera\/\">la cera<\/a>, y, de all\u00ed, pasan al polen ensilado en las celdillas. Muchos de estos acaricidas son altamente persistentes, y contin\u00faan apareciendo en los an\u00e1lisis de ceras hasta 15 a\u00f1os despu\u00e9s de haber dejado de usarse. <\/p>\n\n\n\n<figure class=\"wp-block-gallery has-nested-images columns-default is-cropped wp-block-gallery-2 is-layout-flex wp-block-gallery-is-layout-flex\">\n<figure class=\"wp-block-image size-full\"><a href=\"https:\/\/www.latiendadelapicultor.com\/blog\/wp-content\/uploads\/2023\/05\/Depositphotos_635024676_S.jpg\"><img decoding=\"async\" width=\"1000\" height=\"667\" data-id=\"6561\" src=\"https:\/\/www.latiendadelapicultor.com\/blog\/wp-content\/uploads\/2023\/05\/Depositphotos_635024676_S.jpg\" alt=\"-\" class=\"wp-image-6561\" srcset=\"https:\/\/www.latiendadelapicultor.com\/blog\/wp-content\/uploads\/2023\/05\/Depositphotos_635024676_S.jpg 1000w, https:\/\/www.latiendadelapicultor.com\/blog\/wp-content\/uploads\/2023\/05\/Depositphotos_635024676_S-300x200.jpg 300w, https:\/\/www.latiendadelapicultor.com\/blog\/wp-content\/uploads\/2023\/05\/Depositphotos_635024676_S-768x512.jpg 768w\" sizes=\"(max-width: 1000px) 100vw, 1000px\" \/><\/a><figcaption class=\"wp-element-caption\">La calidad de la cera es fundamental<\/figcaption><\/figure>\n<\/figure>\n\n\n\n<p>Esos residuos no desaparecen con el procesado est\u00e1ndar de la cera. De manera que las l\u00e1minas arrastran un historial de los residuos anteriormente realizados.&nbsp;<\/p>\n\n\n\n<p>A estos se suman los siguientes, y as\u00ed va subiendo la cuenta.&nbsp;<\/p>\n\n\n\n<p>El polen almacenado en estas ceras captura una parte de esos residuos, que van a parar a las abejas y cr\u00edas que lo consumen. Si el nivel de residuos en polen es alto, del orden de 100 ppb, habr\u00e1 da\u00f1os: abejas con mal funcionamiento del sistema inmunitario por \u201capagado\u201d de genes desintoxicantes; abejas con periodo de vida de hasta un 30 % menos, y que hacen alrededor de un 25 % menos de viajes de acopio, que, adem\u00e1s son m\u00e1s cortos. <\/p>\n\n\n\n<p>En los z\u00e1nganos hay una p\u00e9rdida de movilidad de los espermatozoides, lo que hace que las reinas queden <a href=\"https:\/\/www.latiendadelapicultor.com\/blog\/que-hacer-con-una-colmena-zanganera\/\" target=\"_blank\" rel=\"noreferrer noopener\">zanganeras<\/a> antes.<\/p>\n\n\n\n<h3 class=\"wp-block-heading\"><span class=\"ez-toc-section\" id=\"Mala_nutricion\"><\/span><strong>Mala nutrici\u00f3n<\/strong><span class=\"ez-toc-section-end\"><\/span><\/h3>\n\n\n\n<p>Si las abejas no consumieron en oto\u00f1o&nbsp;suficiente miel y polen, y de la suficiente calidad, sus posibilidades de aguantar todo el invierno y tener vigor para arrancar en primavera disminuyen sensiblemente.<\/p>\n\n\n\n<figure class=\"wp-block-gallery has-nested-images columns-default is-cropped wp-block-gallery-3 is-layout-flex wp-block-gallery-is-layout-flex\">\n<figure class=\"wp-block-image size-full\"><a href=\"https:\/\/www.latiendadelapicultor.com\/blog\/wp-content\/uploads\/2023\/05\/Depositphotos_428872870_S.jpg\"><img decoding=\"async\" width=\"999\" height=\"666\" data-id=\"6562\" src=\"https:\/\/www.latiendadelapicultor.com\/blog\/wp-content\/uploads\/2023\/05\/Depositphotos_428872870_S.jpg\" alt=\"-\" class=\"wp-image-6562\" srcset=\"https:\/\/www.latiendadelapicultor.com\/blog\/wp-content\/uploads\/2023\/05\/Depositphotos_428872870_S.jpg 999w, https:\/\/www.latiendadelapicultor.com\/blog\/wp-content\/uploads\/2023\/05\/Depositphotos_428872870_S-300x200.jpg 300w, https:\/\/www.latiendadelapicultor.com\/blog\/wp-content\/uploads\/2023\/05\/Depositphotos_428872870_S-768x512.jpg 768w\" sizes=\"(max-width: 999px) 100vw, 999px\" \/><\/a><figcaption class=\"wp-element-caption\">Abeja bebiendo agua<\/figcaption><\/figure>\n<\/figure>\n\n\n\n<h2 class=\"wp-block-heading\"><span class=\"ez-toc-section\" id=\"Como_prevenir\"><\/span><strong>Como prevenir<\/strong><span class=\"ez-toc-section-end\"><\/span><\/h2>\n\n\n\n<p>La presencia de uno solo de estos factores a un nivel de importancia alto, o de dos a nivel medio, o de los tres a niveles bajos, ocasionar\u00e1 p\u00e9rdidas importantes de colmenas durante el invierno. Para prevenir esta situaci\u00f3n es imprescindible:<\/p>\n\n\n\n<h3 class=\"wp-block-heading\"><span class=\"ez-toc-section\" id=\"Control_de_varroa\"><\/span><strong>Control de varroa<\/strong><span class=\"ez-toc-section-end\"><\/span><\/h3>\n\n\n\n<p>Realizar un buen <a href=\"https:\/\/www.latiendadelapicultor.com\/blog\/varroa-destructor-que-es-y-como-tratarla\/\">control de varroa<\/a><a href=\"https:\/\/www.latiendadelapicultor.com\/blog\/diagnostico-de-varroa-deteccion-y-toma-de-decisiones\/\"> <\/a>al inicio de la oto\u00f1ada,\u00a0para sanear las \u00faltimas generaciones de abejas cara a la invernada<\/p>\n\n\n\n<figure class=\"wp-block-gallery has-nested-images columns-default is-cropped wp-block-gallery-4 is-layout-flex wp-block-gallery-is-layout-flex\">\n<figure class=\"wp-block-image size-large\"><a href=\"https:\/\/www.latiendadelapicultor.com\/blog\/wp-content\/uploads\/2023\/05\/Depositphotos_98522070_S.jpg\"><img loading=\"lazy\" decoding=\"async\" width=\"1000\" height=\"667\" data-id=\"6567\" src=\"https:\/\/www.latiendadelapicultor.com\/blog\/wp-content\/uploads\/2023\/05\/Depositphotos_98522070_S.jpg\" alt=\"-\" class=\"wp-image-6567\" srcset=\"https:\/\/www.latiendadelapicultor.com\/blog\/wp-content\/uploads\/2023\/05\/Depositphotos_98522070_S.jpg 1000w, https:\/\/www.latiendadelapicultor.com\/blog\/wp-content\/uploads\/2023\/05\/Depositphotos_98522070_S-300x200.jpg 300w, https:\/\/www.latiendadelapicultor.com\/blog\/wp-content\/uploads\/2023\/05\/Depositphotos_98522070_S-768x512.jpg 768w\" sizes=\"(max-width: 1000px) 100vw, 1000px\" \/><\/a><figcaption class=\"wp-element-caption\">Varroa sobre larva<\/figcaption><\/figure>\n<\/figure>\n\n\n\n<h3 class=\"wp-block-heading\"><span class=\"ez-toc-section\" id=\"Utilizar_cera_de_bajos_residuos\"><\/span><strong>Utilizar cera de bajos residuos<\/strong><span class=\"ez-toc-section-end\"><\/span><\/h3>\n\n\n\n<p>Utilizar ceras de bajos residuos; estampando solo la de cera&nbsp;de alzas, marcando los panales con contacto con los tratamientos para desecharlos del circuito de recuperaci\u00f3n de cera, o comprando l\u00e1minas de ceras especialmente filtradas para eliminar una gran parte de sus residuos (hay varias en el mercado), y, siempre, intentando realizar los tratamientos de manera que los residuos sean los m\u00ednimos posibles<\/p>\n\n\n\n<h3 class=\"wp-block-heading\"><span class=\"ez-toc-section\" id=\"Controlar_los_niveles_de_reservas_de_las_colmenas\"><\/span><strong>Controlar los niveles de reservas de las colmenas<\/strong><span class=\"ez-toc-section-end\"><\/span><\/h3>\n\n\n\n<p>La alimentaci\u00f3n es fundamental, como apicultores debemos saber reconocer las necesidades de la colmena <a href=\"https:\/\/www.latiendadelapicultor.com\/blog\/cuando-y-con-que-alimentar-las-colmenas\/\">suplement\u00e1ndolas correctamente si es necesario.\u00a0<\/a><\/p>\n\n\n\n<h2 class=\"wp-block-heading\"><span class=\"ez-toc-section\" id=\"Fuente\"><\/span><strong>Fuente<\/strong><span class=\"ez-toc-section-end\"><\/span><\/h2>\n\n\n\n<p>Gu\u00eda de buenas pr\u00e1ctica sanidad, 2019 &#8211; Pajuelo consultores<\/p>\n\n\n\n<p><\/p>\n<div id='recomendados_connectif' class='recomendados_connectif'><\/div>","protected":false},"excerpt":{"rendered":"<p>Introducci\u00f3n Este post es un resumen sobre la situaci\u00f3n de las abejas. Si deseas leer un post m\u00e1s completo sobre esta mismo tema accede aqu\u00ed: \u00bfEst\u00e1n desapareciendo las abejas? Claves sobre el colapso de las colmenas. En ingl\u00e9s CCD (Colony collapse disorder). Con este nombre se conocen una serie de s\u00edntomas que acaban con la [&hellip;]<\/p>\n","protected":false},"author":1,"featured_media":6566,"comment_status":"open","ping_status":"open","sticky":false,"template":"","format":"standard","meta":{"footnotes":""},"categories":[2,22],"tags":[],"class_list":["post-2214","post","type-post","status-publish","format-standard","has-post-thumbnail","hentry","category-sin-categorizar","category-sanidad-y-enfermedades-en-la-colmena"],"_links":{"self":[{"href":"https:\/\/www.latiendadelapicultor.com\/blog\/wp-json\/wp\/v2\/posts\/2214","targetHints":{"allow":["GET"]}}],"collection":[{"href":"https:\/\/www.latiendadelapicultor.com\/blog\/wp-json\/wp\/v2\/posts"}],"about":[{"href":"https:\/\/www.latiendadelapicultor.com\/blog\/wp-json\/wp\/v2\/types\/post"}],"author":[{"embeddable":true,"href":"https:\/\/www.latiendadelapicultor.com\/blog\/wp-json\/wp\/v2\/users\/1"}],"replies":[{"embeddable":true,"href":"https:\/\/www.latiendadelapicultor.com\/blog\/wp-json\/wp\/v2\/comments?post=2214"}],"version-history":[{"count":2,"href":"https:\/\/www.latiendadelapicultor.com\/blog\/wp-json\/wp\/v2\/posts\/2214\/revisions"}],"predecessor-version":[{"id":6568,"href":"https:\/\/www.latiendadelapicultor.com\/blog\/wp-json\/wp\/v2\/posts\/2214\/revisions\/6568"}],"wp:featuredmedia":[{"embeddable":true,"href":"https:\/\/www.latiendadelapicultor.com\/blog\/wp-json\/wp\/v2\/media\/6566"}],"wp:attachment":[{"href":"https:\/\/www.latiendadelapicultor.com\/blog\/wp-json\/wp\/v2\/media?parent=2214"}],"wp:term":[{"taxonomy":"category","embeddable":true,"href":"https:\/\/www.latiendadelapicultor.com\/blog\/wp-json\/wp\/v2\/categories?post=2214"},{"taxonomy":"post_tag","embeddable":true,"href":"https:\/\/www.latiendadelapicultor.com\/blog\/wp-json\/wp\/v2\/tags?post=2214"}],"curies":[{"name":"wp","href":"https:\/\/api.w.org\/{rel}","templated":true}]}}